{"id":96,"date":"2014-12-03T18:38:00","date_gmt":"2014-12-03T20:38:00","guid":{"rendered":"https:\/\/luanabeatriz.art\/blog\/um-mundo-grande-tambem-e-pequeno\/"},"modified":"2025-07-27T19:23:12","modified_gmt":"2025-07-27T22:23:12","slug":"um-mundo-grande-tambem-e-pequeno","status":"publish","type":"post","link":"https:\/\/luanabeatriz.art\/blog\/um-mundo-grande-tambem-e-pequeno\/","title":{"rendered":"Um mundo Grande tamb\u00e9m \u00e9 pequeno!"},"content":{"rendered":"<div style=\"clear: both; text-align: center;\">\n<a href=\"https:\/\/blogger.googleusercontent.com\/img\/b\/R29vZ2xl\/AVvXsEjCGzMpqjsN09XeUdKmryFohd5jCaZlRqx8iS_dYzLQGpNmRWl3_q_YSOzk6QfuOYgbgf3ncqdx20y6gx5Me26sIVKN6kku4uZgtHqraPiwegT3Xh0eD24hjPr-vmC9WS6FC_9p1uMBHdY\/s1600\/webcam-toy-foto36.jpg\" style=\"clear: left; float: left; margin-bottom: 1em; margin-right: 1em;\"><img decoding=\"async\" border=\"0\" src=\"https:\/\/blogger.googleusercontent.com\/img\/b\/R29vZ2xl\/AVvXsEjCGzMpqjsN09XeUdKmryFohd5jCaZlRqx8iS_dYzLQGpNmRWl3_q_YSOzk6QfuOYgbgf3ncqdx20y6gx5Me26sIVKN6kku4uZgtHqraPiwegT3Xh0eD24hjPr-vmC9WS6FC_9p1uMBHdY\/s1600\/webcam-toy-foto36.jpg\" height=\"150\" width=\"200\" \/><\/a><\/div>\n<p>\u00c9&#8230; confesso com todas as letras do alfabeto que o ano do cavalo foi um ano e tanto! Um ano de muito aprendizado pra mim. Cavalo est\u00e1 bem no finalzinho e assim, posso dizer que bem&#8230; Valew a pena&#8230; Valew a pena cada luta, cada loucura, cada acontecimento, cada pessoa que acreditou em mim, cada pessoa que decidiu me incentivar, me apoiar&#8230;<br \/>\nFoi um ano cheio de acontecimentos que mostrou sim os erros, as qualidades e os defeitos de minha pessoa, de minha fam\u00edlia&#8230; Foi um ano de perdas tamb\u00e9m e de conquistas.<br \/>\nO mundo \u00e9 grande e tamb\u00e9m \u00e9 pequeno ao mesmo tempo. N\u00e3o d\u00e1 pra fazer tudo que queremos. Embora quem pensa grande assim como eu, fica meio sem nexo de manipular o tempo, de n\u00e3o conseguir fazer tudo que se vem na telha. Eu fico assim, na maioria das vezes perdida por n\u00e3o saber tomar uma decis\u00e3o sensata do que realmente eu quero fazer no momento. Sou uma pessoa bastante indecisa com meus pensamentos e maluca com minhas vontades. H\u00e1 exatamente 5 anos atras eu estava louca para abrir uma empresa de design\/web design&#8230; Trabalhar nas melhores agencias tamb\u00e9m e adquirir bastante experi\u00eancia&#8230; <br \/>\n<a name='more'><\/a>O tempo voou e tive bastante experi\u00eancia nessa \u00e1rea este ano, foi uma experi\u00eancia muito gostosa por sinal, clientes \u00f3timos e satisfeito com o meu trabalho. Que por sinal por conta de todos eles eu consegui largar o v\u00edcio dos jogos e ser algu\u00e9m independente. Consegui acreditar que eu posso sim ter meu pr\u00f3prio neg\u00f3cio.<br \/>\nE pra quem depois que virou m\u00e3e passou a pensar pequeno, que a vida cotidiana iria ser sempre cuidar da casa, de filhos e marido&#8230; Um mundo pequeno me esperava&#8230; Mas \u00e9 incr\u00edvel como podemos aumentar esse mundo e esticar ele ainda mais um pouco pra gente. Eu posso ser m\u00e3e, posso ser esposa, posso ser escritora do meu blog, professora de algu\u00e9m que se encontra com d\u00favidas e posso tamb\u00e9m ser empresaria na minha pr\u00f3pria casa! E esse m\u00e9rito \u00e9 meu. Por acreditar sempre na minha capacidade de pensar al\u00e9m, de buscar conhecimento, de n\u00e3o ter medo do imposs\u00edvel, de saber escutar as pessoas e ao mesmo tempo e acima de tudo isso ter um cora\u00e7\u00e3o humilde pronto para dar e receber qualquer coisa.<br \/>\nE a cada dia que passa na minha cabe\u00e7a esse mundo cresce e ao mesmo tempo fica pequeno, mas quem somos n\u00f3s para sabermos controlarmos o nosso mundo?&#8230;<br \/>\nIrei citar aqui um trecho de um livro que eu li esse ano, que por um acaso eu achei bem interessante:<\/p>\n<p>&#8220;Voc\u00ea teria coragem de subir num avi\u00e3o e fazer uma longa viagem sabendo que o piloto n\u00e3o tem experi\u00eancia, que tem poucas horas de voo? Relaxaria se soubesse que ele desconhece os instrumentos de navega\u00e7\u00e3o? Dormiria se ele n\u00e3o tivesse habilidade para desviar de rotas turbulentas, com alta concentra\u00e7\u00e3o de nuvens e descargas el\u00e9tricas? &nbsp;Essa pergunta foi feita para mais de 100 mil alunos universit\u00e1rios. \u00c9 obvio que todos responderam que se sentiriam completamente desconfort\u00e1veis. Muitos nem sequer ousariam pisar nessa aeronave. Mas os abalei ao afirmar que embarcamos diariamente na mais complexa das aeronaves, comandada por um piloto frequentemente despreparado, mal equipado e mal-educado e, portanto, sujeito a causar in\u00fameros acidentes. Essa aeronave \u00e9 a mente humana, e o seu piloto \u00e9 o pr\u00f3prio EU.&#8221; (Augusto Cury. A Fascinante constru\u00e7\u00e3o do Eu&#8221;)<\/p>\n<p>Ent\u00e3o \u00e9 isso&#8230; espero guiar bem minha aeronave e ampliar bastante meu mundo interior sem afetar a todos que eu amo em minha volta!<\/p>\n<div style=\"text-align: center;\">\nPara Ana Lara:<\/div>\n<div style=\"text-align: center;\">\n<\/div>\n<div style=\"text-align: center;\">\n<span style=\"background-color: white; color: #141823; font-family: Helvetica, Arial, 'lucida grande', tahoma, verdana, arial, sans-serif; font-size: 13px; line-height: 18px; text-align: left;\">Quem faz meu mundo girar \u00e9 ela!&nbsp;<\/span><br style=\"background-color: white; color: #141823; font-family: Helvetica, Arial, 'lucida grande', tahoma, verdana, arial, sans-serif; font-size: 13px; line-height: 18px; text-align: left;\" \/><span style=\"background-color: white; color: #141823; font-family: Helvetica, Arial, 'lucida grande', tahoma, verdana, arial, sans-serif; font-size: 13px; line-height: 18px; text-align: left;\">Meu mundo gira em torno dela&#8230;<\/span><br style=\"background-color: white; color: #141823; font-family: Helvetica, Arial, 'lucida grande', tahoma, verdana, arial, sans-serif; font-size: 13px; line-height: 18px; text-align: left;\" \/><span style=\"background-color: white; color: #141823; font-family: Helvetica, Arial, 'lucida grande', tahoma, verdana, arial, sans-serif; font-size: 13px; line-height: 18px; text-align: left;\">H\u00e1 4 anos atras era apenas uma quimera&#8230;<\/span><br style=\"background-color: white; color: #141823; font-family: Helvetica, Arial, 'lucida grande', tahoma, verdana, arial, sans-serif; font-size: 13px; line-height: 18px; text-align: left;\" \/><span style=\"background-color: white; color: #141823; font-family: Helvetica, Arial, 'lucida grande', tahoma, verdana, arial, sans-serif; font-size: 13px; line-height: 18px; text-align: left;\">Hoje em dia \u00e9 s\u00f3 ela&#8230;<\/span><\/div>\n<div style=\"text-align: center;\">\n<span style=\"background-color: white; color: #141823; font-family: Helvetica, Arial, 'lucida grande', tahoma, verdana, arial, sans-serif; font-size: 13px; line-height: 18px; text-align: left;\"><br \/><\/span><\/div>\n<div style=\"text-align: center;\">\n<span style=\"background-color: white; color: #141823; font-family: Helvetica, Arial, 'lucida grande', tahoma, verdana, arial, sans-serif; font-size: 13px; line-height: 18px; text-align: left;\"><b>Luha Biha<\/b><\/span><\/div>\n<p><\/p>\n","protected":false},"excerpt":{"rendered":"<p>\u00c9&#8230; confesso com todas as letras do alfabeto que o ano do cavalo foi um ano e tanto! Um ano de muito aprendizado pra mim. Cavalo est\u00e1 bem no finalzinho e assim, posso dizer que bem&#8230; Valew a pena&#8230; Valew a pena cada luta, cada loucura, cada acontecimento, cada pessoa que acreditou em mim, cada pessoa que decidiu me incentivar, me apoiar&#8230; Foi um ano cheio de acontecimentos que mostrou sim os erros, as qualidades e os defeitos de minha pessoa, de minha fam\u00edlia&#8230; Foi um ano de perdas tamb\u00e9m e de conquistas. O mundo \u00e9 grande e tamb\u00e9m \u00e9 pequeno ao mesmo tempo. N\u00e3o d\u00e1 pra fazer tudo que queremos. Embora quem pensa grande assim como eu, fica meio sem nexo de manipular o tempo, de n\u00e3o conseguir fazer tudo que se vem na telha. Eu fico assim, na maioria das vezes perdida por n\u00e3o saber tomar uma decis\u00e3o sensata do que realmente eu quero fazer no momento. Sou uma pessoa bastante indecisa com meus pensamentos e maluca com minhas vontades. H\u00e1 exatamente 5 anos atras eu estava louca para abrir uma empresa de design\/web design&#8230; Trabalhar nas melhores agencias tamb\u00e9m e adquirir bastante experi\u00eancia&#8230; O tempo voou e tive bastante experi\u00eancia nessa \u00e1rea este ano, foi uma experi\u00eancia muito gostosa por sinal, clientes \u00f3timos e satisfeito com o&#8230;<\/p>\n","protected":false},"author":2,"featured_media":414,"comment_status":"open","ping_status":"closed","sticky":false,"template":"","format":"standard","meta":{"ocean_post_layout":"","ocean_both_sidebars_style":"","ocean_both_sidebars_content_width":0,"ocean_both_sidebars_sidebars_width":0,"ocean_sidebar":"","ocean_second_sidebar":"","ocean_disable_margins":"enable","ocean_add_body_class":"","ocean_shortcode_before_top_bar":"","ocean_shortcode_after_top_bar":"","ocean_shortcode_before_header":"","ocean_shortcode_after_header":"","ocean_has_shortcode":"","ocean_shortcode_after_title":"","ocean_shortcode_before_footer_widgets":"","ocean_shortcode_after_footer_widgets":"","ocean_shortcode_before_footer_bottom":"","ocean_shortcode_after_footer_bottom":"","ocean_display_top_bar":"default","ocean_display_header":"default","ocean_header_style":"","ocean_center_header_left_menu":"","ocean_custom_header_template":"","ocean_custom_logo":0,"ocean_custom_retina_logo":0,"ocean_custom_logo_max_width":0,"ocean_custom_logo_tablet_max_width":0,"ocean_custom_logo_mobile_max_width":0,"ocean_custom_logo_max_height":0,"ocean_custom_logo_tablet_max_height":0,"ocean_custom_logo_mobile_max_height":0,"ocean_header_custom_menu":"","ocean_menu_typo_font_family":"","ocean_menu_typo_font_subset":"","ocean_menu_typo_font_size":0,"ocean_menu_typo_font_size_tablet":0,"ocean_menu_typo_font_size_mobile":0,"ocean_menu_typo_font_size_unit":"px","ocean_menu_typo_font_weight":"","ocean_menu_typo_font_weight_tablet":"","ocean_menu_typo_font_weight_mobile":"","ocean_menu_typo_transform":"","ocean_menu_typo_transform_tablet":"","ocean_menu_typo_transform_mobile":"","ocean_menu_typo_line_height":0,"ocean_menu_typo_line_height_tablet":0,"ocean_menu_typo_line_height_mobile":0,"ocean_menu_typo_line_height_unit":"","ocean_menu_typo_spacing":0,"ocean_menu_typo_spacing_tablet":0,"ocean_menu_typo_spacing_mobile":0,"ocean_menu_typo_spacing_unit":"","ocean_menu_link_color":"","ocean_menu_link_color_hover":"","ocean_menu_link_color_active":"","ocean_menu_link_background":"","ocean_menu_link_hover_background":"","ocean_menu_link_active_background":"","ocean_menu_social_links_bg":"","ocean_menu_social_hover_links_bg":"","ocean_menu_social_links_color":"","ocean_menu_social_hover_links_color":"","ocean_disable_title":"default","ocean_disable_heading":"default","ocean_post_title":"","ocean_post_subheading":"","ocean_post_title_style":"","ocean_post_title_background_color":"","ocean_post_title_background":0,"ocean_post_title_bg_image_position":"","ocean_post_title_bg_image_attachment":"","ocean_post_title_bg_image_repeat":"","ocean_post_title_bg_image_size":"","ocean_post_title_height":0,"ocean_post_title_bg_overlay":0.5,"ocean_post_title_bg_overlay_color":"","ocean_disable_breadcrumbs":"default","ocean_breadcrumbs_color":"","ocean_breadcrumbs_separator_color":"","ocean_breadcrumbs_links_color":"","ocean_breadcrumbs_links_hover_color":"","ocean_display_footer_widgets":"default","ocean_display_footer_bottom":"default","ocean_custom_footer_template":"","ocean_post_oembed":"","ocean_post_self_hosted_media":"","ocean_post_video_embed":"","ocean_link_format":"","ocean_link_format_target":"self","ocean_quote_format":"","ocean_quote_format_link":"post","ocean_gallery_link_images":"on","ocean_gallery_id":[],"footnotes":""},"categories":[38],"tags":[29],"class_list":["post-96","post","type-post","status-publish","format-standard","has-post-thumbnail","hentry","category-meu-diario","tag-meu-diario","entry","has-media"],"_links":{"self":[{"href":"https:\/\/luanabeatriz.art\/blog\/wp-json\/wp\/v2\/posts\/96","targetHints":{"allow":["GET"]}}],"collection":[{"href":"https:\/\/luanabeatriz.art\/blog\/wp-json\/wp\/v2\/posts"}],"about":[{"href":"https:\/\/luanabeatriz.art\/blog\/wp-json\/wp\/v2\/types\/post"}],"author":[{"embeddable":true,"href":"https:\/\/luanabeatriz.art\/blog\/wp-json\/wp\/v2\/users\/2"}],"replies":[{"embeddable":true,"href":"https:\/\/luanabeatriz.art\/blog\/wp-json\/wp\/v2\/comments?post=96"}],"version-history":[{"count":1,"href":"https:\/\/luanabeatriz.art\/blog\/wp-json\/wp\/v2\/posts\/96\/revisions"}],"predecessor-version":[{"id":415,"href":"https:\/\/luanabeatriz.art\/blog\/wp-json\/wp\/v2\/posts\/96\/revisions\/415"}],"wp:featuredmedia":[{"embeddable":true,"href":"https:\/\/luanabeatriz.art\/blog\/wp-json\/wp\/v2\/media\/414"}],"wp:attachment":[{"href":"https:\/\/luanabeatriz.art\/blog\/wp-json\/wp\/v2\/media?parent=96"}],"wp:term":[{"taxonomy":"category","embeddable":true,"href":"https:\/\/luanabeatriz.art\/blog\/wp-json\/wp\/v2\/categories?post=96"},{"taxonomy":"post_tag","embeddable":true,"href":"https:\/\/luanabeatriz.art\/blog\/wp-json\/wp\/v2\/tags?post=96"}],"curies":[{"name":"wp","href":"https:\/\/api.w.org\/{rel}","templated":true}]}}