{"id":95,"date":"2014-12-31T16:33:00","date_gmt":"2014-12-31T18:33:00","guid":{"rendered":"https:\/\/luanabeatriz.art\/blog\/2015-o-ano-da-cabra-de-madeira\/"},"modified":"2025-07-27T19:22:23","modified_gmt":"2025-07-27T22:22:23","slug":"2015-o-ano-da-cabra-de-madeira","status":"publish","type":"post","link":"https:\/\/luanabeatriz.art\/blog\/2015-o-ano-da-cabra-de-madeira\/","title":{"rendered":"2015 :: O ano da Cabra de Madeira"},"content":{"rendered":"<div style=\"clear: both; text-align: center;\">\n<a href=\"https:\/\/blogger.googleusercontent.com\/img\/b\/R29vZ2xl\/AVvXsEipPccf9HrOZupjGKd8IAz21t4W8fT7TuEx0XEpEl7ai9p83ukrm9O2EWD09LQIvMS7u_Owq2OFiOkXx7aG9UXEtRQIQEPvcFuRQoRn03jBZathBgFLPTF474YXKKfXsTfT2X69_GwGz3A\/s1600\/cabrademadiera.png\" style=\"clear: left; float: left; margin-bottom: 1em; margin-right: 1em;\"><img fetchpriority=\"high\" decoding=\"async\" border=\"0\" src=\"https:\/\/blogger.googleusercontent.com\/img\/b\/R29vZ2xl\/AVvXsEipPccf9HrOZupjGKd8IAz21t4W8fT7TuEx0XEpEl7ai9p83ukrm9O2EWD09LQIvMS7u_Owq2OFiOkXx7aG9UXEtRQIQEPvcFuRQoRn03jBZathBgFLPTF474YXKKfXsTfT2X69_GwGz3A\/s1600\/cabrademadiera.png\" height=\"240\" width=\"320\" \/><\/a><\/div>\n<p>O ano chin\u00eas 2015 come\u00e7a em 19 de Fevereiro e na Astrologia Chinesa ser\u00e1 um ano regido pela Cabra Verde de Madeira.<br \/>\n<u>A cabra \u00e9 uma energia Yin, um s\u00edmbolo de paz, coexist\u00eancia harmoniosa e tranquilidade. <\/u>Esse \u00e9 o estado de esp\u00edrito primordial e fundamental para este ano. Embora haja gritos de guerra, ela ser\u00e1 evitada advindo um per\u00edodo de repara\u00e7\u00e3o e compromisso para garantir que a paz seja mantida.<\/p>\n<p>O Carneiro \u00e9 o s\u00edmbolo das Artes. Relaciona-se com tempos passivos e amorosos. Ele vai ajudar o processo de cicatriza\u00e7\u00e3o em rela\u00e7\u00e3o a eventos passados causados por indiv\u00edduos que t\u00eam pouco respeito pela ra\u00e7a ou a pr\u00f3pria vida humana. Ser\u00e1 um ano de uni\u00e3o na f\u00e9 e na cren\u00e7a de que a boa vontade prevalecer\u00e1 e vencer\u00e1 as for\u00e7as que se recusam a obedecer a um estilo de vida pac\u00edfico. Para aqueles que confiam na bondade, felicidade e sucesso advir\u00e3o. &nbsp;2015 \u00e9 um ano para colocar as habilidades mentais sobre a for\u00e7a bruta. O destino vai enviar emiss\u00e1rios para mudar os rostos de agress\u00e3o at\u00e9 um compromisso mais tranquilo. Ele n\u00e3o acabar\u00e1 com a d\u00favida, raiva ou desejo de viol\u00eancia, mas colocar\u00e1 um cobertor de constrangimento sobre ele.<\/p>\n<p>Ser\u00e1 um momento para unir e incutir lealdade e disciplina. <br \/>\n<a name='more'><\/a>Ser\u00e1 um tempo de cura de muitas feridas antigas. Ent\u00e3o, devemos aproveitar o momento para fazer as as pazes e refazer promessas quebradas.<br \/>\nSer\u00e1 um bom ano pra estar com a fam\u00edlia, seja ela de sangue ou de alma, para viajar e pra realizar antigos projetos engavetados. Ser\u00e1 um ano de cores e moda ousada, com um qu\u00ea de futurista, muitos encontros e almo\u00e7os com quem se ama. E o melhor disso tudo \u00e9 que tamb\u00e9m ser\u00e1 um bom ano para ganhar dinheiro, pois a Cabra \u00e9 naturalmente pr\u00f3spera.<\/p>\n<p>\u00c9 pessoal! Espero que a cabra seja bem prospera mesmo, o ano de 2014 foi bem corrido pra mim e n\u00e3o foi quase nada bom&#8230; Que venha um ano \u00f3timo pra gente poder descansar da correria desses \u00faltimos 3 anos (drag\u00e3o, serpente e cavalo), foram anos corridos demais! Desejo CALMA, PROSPERIDADE, UNI\u00c3O, PAZ, SA\u00daDE (mt sa\u00fade mesmo), DINHEIRO, SUCESSO NO TRABALHO e finalmente DESCANSO!<\/p>\n<p>Feliz ano novo galera! que venha 2015 \ud83d\ude42<\/p>\n","protected":false},"excerpt":{"rendered":"<p>O ano chin\u00eas 2015 come\u00e7a em 19 de Fevereiro e na Astrologia Chinesa ser\u00e1 um ano regido pela Cabra Verde de Madeira. A cabra \u00e9 uma energia Yin, um s\u00edmbolo de paz, coexist\u00eancia harmoniosa e tranquilidade. Esse \u00e9 o estado de esp\u00edrito primordial e fundamental para este ano. Embora haja gritos de guerra, ela ser\u00e1 evitada advindo um per\u00edodo de repara\u00e7\u00e3o e compromisso para garantir que a paz seja mantida. O Carneiro \u00e9 o s\u00edmbolo das Artes. Relaciona-se com tempos passivos e amorosos. Ele vai ajudar o processo de cicatriza\u00e7\u00e3o em rela\u00e7\u00e3o a eventos passados causados por indiv\u00edduos que t\u00eam pouco respeito pela ra\u00e7a ou a pr\u00f3pria vida humana. Ser\u00e1 um ano de uni\u00e3o na f\u00e9 e na cren\u00e7a de que a boa vontade prevalecer\u00e1 e vencer\u00e1 as for\u00e7as que se recusam a obedecer a um estilo de vida pac\u00edfico. Para aqueles que confiam na bondade, felicidade e sucesso advir\u00e3o. &nbsp;2015 \u00e9 um ano para colocar as habilidades mentais sobre a for\u00e7a bruta. O destino vai enviar emiss\u00e1rios para mudar os rostos de agress\u00e3o at\u00e9 um compromisso mais tranquilo. Ele n\u00e3o acabar\u00e1 com a d\u00favida, raiva ou desejo de viol\u00eancia, mas colocar\u00e1 um cobertor de constrangimento sobre ele. Ser\u00e1 um momento para unir e incutir lealdade e disciplina. Ser\u00e1 um tempo de cura de muitas feridas antigas. Ent\u00e3o, devemos aproveitar&#8230;<\/p>\n","protected":false},"author":2,"featured_media":412,"comment_status":"open","ping_status":"closed","sticky":false,"template":"","format":"standard","meta":{"ocean_post_layout":"","ocean_both_sidebars_style":"","ocean_both_sidebars_content_width":0,"ocean_both_sidebars_sidebars_width":0,"ocean_sidebar":"","ocean_second_sidebar":"","ocean_disable_margins":"enable","ocean_add_body_class":"","ocean_shortcode_before_top_bar":"","ocean_shortcode_after_top_bar":"","ocean_shortcode_before_header":"","ocean_shortcode_after_header":"","ocean_has_shortcode":"","ocean_shortcode_after_title":"","ocean_shortcode_before_footer_widgets":"","ocean_shortcode_after_footer_widgets":"","ocean_shortcode_before_footer_bottom":"","ocean_shortcode_after_footer_bottom":"","ocean_display_top_bar":"default","ocean_display_header":"default","ocean_header_style":"","ocean_center_header_left_menu":"","ocean_custom_header_template":"","ocean_custom_logo":0,"ocean_custom_retina_logo":0,"ocean_custom_logo_max_width":0,"ocean_custom_logo_tablet_max_width":0,"ocean_custom_logo_mobile_max_width":0,"ocean_custom_logo_max_height":0,"ocean_custom_logo_tablet_max_height":0,"ocean_custom_logo_mobile_max_height":0,"ocean_header_custom_menu":"","ocean_menu_typo_font_family":"","ocean_menu_typo_font_subset":"","ocean_menu_typo_font_size":0,"ocean_menu_typo_font_size_tablet":0,"ocean_menu_typo_font_size_mobile":0,"ocean_menu_typo_font_size_unit":"px","ocean_menu_typo_font_weight":"","ocean_menu_typo_font_weight_tablet":"","ocean_menu_typo_font_weight_mobile":"","ocean_menu_typo_transform":"","ocean_menu_typo_transform_tablet":"","ocean_menu_typo_transform_mobile":"","ocean_menu_typo_line_height":0,"ocean_menu_typo_line_height_tablet":0,"ocean_menu_typo_line_height_mobile":0,"ocean_menu_typo_line_height_unit":"","ocean_menu_typo_spacing":0,"ocean_menu_typo_spacing_tablet":0,"ocean_menu_typo_spacing_mobile":0,"ocean_menu_typo_spacing_unit":"","ocean_menu_link_color":"","ocean_menu_link_color_hover":"","ocean_menu_link_color_active":"","ocean_menu_link_background":"","ocean_menu_link_hover_background":"","ocean_menu_link_active_background":"","ocean_menu_social_links_bg":"","ocean_menu_social_hover_links_bg":"","ocean_menu_social_links_color":"","ocean_menu_social_hover_links_color":"","ocean_disable_title":"default","ocean_disable_heading":"default","ocean_post_title":"","ocean_post_subheading":"","ocean_post_title_style":"","ocean_post_title_background_color":"","ocean_post_title_background":0,"ocean_post_title_bg_image_position":"","ocean_post_title_bg_image_attachment":"","ocean_post_title_bg_image_repeat":"","ocean_post_title_bg_image_size":"","ocean_post_title_height":0,"ocean_post_title_bg_overlay":0.5,"ocean_post_title_bg_overlay_color":"","ocean_disable_breadcrumbs":"default","ocean_breadcrumbs_color":"","ocean_breadcrumbs_separator_color":"","ocean_breadcrumbs_links_color":"","ocean_breadcrumbs_links_hover_color":"","ocean_display_footer_widgets":"default","ocean_display_footer_bottom":"default","ocean_custom_footer_template":"","ocean_post_oembed":"","ocean_post_self_hosted_media":"","ocean_post_video_embed":"","ocean_link_format":"","ocean_link_format_target":"self","ocean_quote_format":"","ocean_quote_format_link":"post","ocean_gallery_link_images":"on","ocean_gallery_id":[],"footnotes":""},"categories":[38],"tags":[29],"class_list":["post-95","post","type-post","status-publish","format-standard","has-post-thumbnail","hentry","category-meu-diario","tag-meu-diario","entry","has-media"],"_links":{"self":[{"href":"https:\/\/luanabeatriz.art\/blog\/wp-json\/wp\/v2\/posts\/95","targetHints":{"allow":["GET"]}}],"collection":[{"href":"https:\/\/luanabeatriz.art\/blog\/wp-json\/wp\/v2\/posts"}],"about":[{"href":"https:\/\/luanabeatriz.art\/blog\/wp-json\/wp\/v2\/types\/post"}],"author":[{"embeddable":true,"href":"https:\/\/luanabeatriz.art\/blog\/wp-json\/wp\/v2\/users\/2"}],"replies":[{"embeddable":true,"href":"https:\/\/luanabeatriz.art\/blog\/wp-json\/wp\/v2\/comments?post=95"}],"version-history":[{"count":1,"href":"https:\/\/luanabeatriz.art\/blog\/wp-json\/wp\/v2\/posts\/95\/revisions"}],"predecessor-version":[{"id":413,"href":"https:\/\/luanabeatriz.art\/blog\/wp-json\/wp\/v2\/posts\/95\/revisions\/413"}],"wp:featuredmedia":[{"embeddable":true,"href":"https:\/\/luanabeatriz.art\/blog\/wp-json\/wp\/v2\/media\/412"}],"wp:attachment":[{"href":"https:\/\/luanabeatriz.art\/blog\/wp-json\/wp\/v2\/media?parent=95"}],"wp:term":[{"taxonomy":"category","embeddable":true,"href":"https:\/\/luanabeatriz.art\/blog\/wp-json\/wp\/v2\/categories?post=95"},{"taxonomy":"post_tag","embeddable":true,"href":"https:\/\/luanabeatriz.art\/blog\/wp-json\/wp\/v2\/tags?post=95"}],"curies":[{"name":"wp","href":"https:\/\/api.w.org\/{rel}","templated":true}]}}