{"id":91,"date":"2016-10-29T12:32:00","date_gmt":"2016-10-29T14:32:00","guid":{"rendered":""},"modified":"2025-07-27T19:20:19","modified_gmt":"2025-07-27T22:20:19","slug":"iago-emanuel-de-bebezinho-a-bebezao","status":"publish","type":"post","link":"https:\/\/luanabeatriz.art\/blog\/iago-emanuel-de-bebezinho-a-bebezao\/","title":{"rendered":"Iago Emanuel :: de bebezinho a bebez\u00e3o"},"content":{"rendered":"<div dir=\"ltr\" style=\"text-align: left;\">\n<div style=\"clear: both; text-align: center;\">\n<a href=\"https:\/\/blogger.googleusercontent.com\/img\/b\/R29vZ2xl\/AVvXsEirDf9XsfPnkHDAQJE40GKUMqiJlqyDdTp6s9jeXkhAmDsN8pMC-sfU_iooMRYYw-u-Z2MUfQi6-1vknYx2R_l_3Rt0SFfDVbP7TAsdXBZ7PDHR1j30WZNnshGreOGSqxfQGEsGAhiUU0Q\/s1600\/iago0ao1.png\" style=\"clear: left; float: left; margin-bottom: 1em; margin-right: 1em;\"><img fetchpriority=\"high\" decoding=\"async\" border=\"0\" height=\"168\" src=\"https:\/\/blogger.googleusercontent.com\/img\/b\/R29vZ2xl\/AVvXsEirDf9XsfPnkHDAQJE40GKUMqiJlqyDdTp6s9jeXkhAmDsN8pMC-sfU_iooMRYYw-u-Z2MUfQi6-1vknYx2R_l_3Rt0SFfDVbP7TAsdXBZ7PDHR1j30WZNnshGreOGSqxfQGEsGAhiUU0Q\/s320\/iago0ao1.png\" width=\"320\" \/><\/a><\/div>\n<p>\u00c9 tantas coisas para falar que estou aqui pensando como escrever essa postagem de uma forma que ela n\u00e3o fique t\u00e3o imensa. (risos).<br \/>\nIago Emanuel foi um presente que ganhei do papai do c\u00e9u, um presente que havia pedido desde quando conheci o papai dele l\u00e1 no ano de 2010. Naquele dia quando conheci o Edson, definimos que iriamos querer ter um casal e demos o nome de Ana Lara para menina e Iago Emanuel para menino. E eis que com o passar do tempo tudo se realizou e eu sou realmente uma pessoa muito sortuda por isso. Tenho uma princesa e um pr\u00edncipe. Obrigada senhor!<\/p>\n<p>Portanto assim como eu fiz no <a href=\"https:\/\/luanabeatriz.art\/blog\/ana-lara-de-bebezinha-a-bebezao\/\" target=\"_blank\">post da Ana Lara<\/a> falando sobre ela, irei falar o mesmo do Iago.<\/p>\n<p><b>Rec\u00e9m nascido:<\/b> Iago nasceu de cesariana com 41 semanas de gesta\u00e7\u00e3o (a mam\u00e3e nem aguentava mais voc\u00ea grand\u00e3o na barriga me chutando em todos os lugares). Nasceu por volta das 9 da noite e foi direto pro colo do seu pai at\u00e9 acabar de costurar a mam\u00e3e. Pegou no seio f\u00e1cil nos primeiros minutos de vida. Os 3 dias que ficamos no hospital foi tranquilo, eu dormia junto com voc\u00ea na cama abra\u00e7adinho. Quando chegou aqui ficou conhecendo sua irm\u00e3zinha, sua v\u00f3 que estava a sua espera toda ansiosa. Foi um m\u00eas muito tranquilo.<br \/>\n<a name='more'><\/a><\/p>\n<p><b>1 m\u00eas:<\/b> Comecei a slingar o Iago nesse m\u00eas com o wrap sling. Ele sorria no sling de uma forma gostosa. Passou a ficar mas tempo acordado e mamava sempre gostoso em meu seio.<\/p>\n<p><b>2 m\u00eas:<\/b> Nesse m\u00eas foi divertido v\u00ea-lo conversar com os ursos de pel\u00facia&#8230; ele balbuciava bastante fazia fo\u00e7a para virar pros lados e tudo mais. Foi um m\u00eas tenso por causa da vacina teve muita rea\u00e7\u00e3o e ele ficou chorando o dia todo de dor por causa da vacina&#8230; foi de dar d\u00f3<\/p>\n<p><b>3\u00b0 m\u00eas: <\/b>Nesse m\u00eas ele ganhou um gin\u00e1sio de atividades. Ficava nele todo alegre e brincando. Adorava tomar banho, mamava gostoso e come\u00e7ou a dormir no ber\u00e7o no seu quarto. Foi nesse m\u00eas que ele teve come\u00e7o de pneumonia pela primeira vez. Mas tratamos e ufa ele sarou!!!<\/p>\n<p><b>4\u00b0 m\u00eas:<\/b> A sapequice nesse m\u00eas entrou com tudo, gritava, balbuciava, rolava, brincava de esconde acho&#8230; etc e tals&#8230; &nbsp;Foi mais um m\u00eas dolorido por causa da vacina, teve rea\u00e7\u00e3o mt forte com ela febre muito alta que n\u00e3o abaixava&#8230; mas tirando isso foi \u00f3timo.<\/p>\n<p><b>5\u00b0 m\u00eas:<\/b> Nesse m\u00eas eu levei um susto, iago acordou cheio de manchas vermelha pelo corpo e caro\u00e7os eu nem tinha ideia do que era fiquei muito preocupada. Mas com uma serie de coisas que aconteceu acabei descobrindo que se tratava da alergia ao leite de vaca (APLV) por\u00e9m ao cortar o leite de vaca da minha alimenta\u00e7\u00e3o, percebi que tinha outra coisa que tava dando alergia nele&#8230; da\u00ed cortei a soja e o ovo tbm.. e ele melhorou bastante. Sumiu as manchas, pipoquinha pelo corpo e tbm o chiado no peito que ele tinha. Tbm foi o mes que ele come\u00e7ou a comer papinha doce. Sua preferida \u00e9 ma\u00e7a e pera.<\/p>\n<p><b>6\u00b0 m\u00eas:<\/b> Esse m\u00eas tbm teve a dose da vacina e mais rea\u00e7\u00e3o&#8230; dessa vez n\u00e3o foi t\u00e3o forte a rea\u00e7\u00e3o pois prevenimos com um remedinho antes. &nbsp;O m\u00eas foi tranquilo, muita divers\u00e3o, os dentinhos debaixo do iago come\u00e7ou a rasgar. E ele come\u00e7ou a comer papinha salgada. Adorou!!!<\/p>\n<p><b>7\u00b0 m\u00eas:<\/b> nesse m\u00eas ele tentava engatinhar mas s\u00f3 conseguia ainda se arrastar&#8230; Arrastava r\u00e1pido e adorava assistir super wings, show da luna e snoop. Foi o m\u00eas tbm que consegui fazer uma bolacha sem leite sem ovo e sem soja para ele aprender a comer sozinho e ficou super mega hiper deliciosa.<br \/>\n<a href=\"https:\/\/receitaalternativa.blogspot.com.br\/2016\/08\/quebra-quebra-de-banana.html\" target=\"_blank\">A receita dela est\u00e1 aqui.<\/a><\/p>\n<p><b>8\u00b0 m\u00eas:<\/b> M\u00eas gostoso meu pequeno estava ainda mais esperto. S\u00f3 queria ficar em p\u00e9, por\u00e9m nao conseguia andar e nem engatinhar. Ficava sentado e quando caia nao conseguia se levantar e ficava stressado.<\/p>\n<p><b>9\u00b0 m\u00eas:<\/b> Foi o mes que ele conseguiu sentar sozinho e se arrastava com mais velocidade ainda. Os dentes de cima estava come\u00e7ando a ficar inchado.<\/p>\n<p><b>10\u00b0 m\u00eas:<\/b> Batia palminha, imitava a gente, se irritava, expressava bem tudo que sentia. Brincava com sua irm\u00e3 e brigava tbm puxando lhe os cabelos&#8230; Foi um m\u00eas muito tranquilo e divertido pois passamos l\u00e1 na casa da vov\u00f3. Foi o m\u00eas que ele entrou na piscina pela primeira vez. E tbm teve infec\u00e7\u00e3od e garganta pela primeira vez tbm. Tinha dificuldade de engatinhar.<\/p>\n<p><b>11\u00b0 m\u00eas:<\/b> Finalmente come\u00e7ou a engatinhar direitinho e a ficar em p\u00e9 e dar passinhos&#8230; Todo dia treinava com os passinhos e cada dia batia o record&#8230; Foi at\u00e9 que aprendeu a andar de uma vez&#8230;<\/p>\n<p><b>12\u00b0 m\u00eas:<\/b> Ficou morrendo de vergonha na hora do parab\u00e9ns, se escondeu na mam\u00e3e o tempo todo de vergonha&#8230;Mam\u00e3e, vov\u00f3, maninha e papai cantamos parab\u00e9ns a voc\u00ea. Foi muito bonitinho a festinha e o bolo que fizemos. Ganhou presente da madrinha, da vov\u00f3, da mam\u00e3e, da maninha, da titia e do vov\u00f4. Sua maior divers\u00e3o era pegar aquele andador e sair correndo empurrando ele pra tudo quanto \u00e9 lado.<\/p>\n<p>Mam\u00e3e ainda continua amamentando. Por conta da alergia nem sei quando vou parar de te amamentar. &nbsp;Saiba que te amamos! E que papai do c\u00e9u e santinha te proteja sempre. Que os anjos da guarda te guie sempre pro melhor caminho e te d\u00ea total prote\u00e7\u00e3o.<\/p>\n<p>Te amo meu pr\u00edncipe.!!!<\/p>\n<\/div>\n","protected":false},"excerpt":{"rendered":"<p>\u00c9 tantas coisas para falar que estou aqui pensando como escrever essa postagem de uma forma que ela n\u00e3o fique t\u00e3o imensa. (risos). Iago Emanuel foi um presente que ganhei do papai do c\u00e9u, um presente que havia pedido desde quando conheci o papai dele l\u00e1 no ano de 2010. Naquele dia quando conheci o Edson, definimos que iriamos querer ter um casal e demos o nome de Ana Lara para menina e Iago Emanuel para menino. E eis que com o passar do tempo tudo se realizou e eu sou realmente uma pessoa muito sortuda por isso. Tenho uma princesa e um pr\u00edncipe. Obrigada senhor! Portanto assim como eu fiz no post da Ana Lara falando sobre ela, irei falar o mesmo do Iago. Rec\u00e9m nascido: Iago nasceu de cesariana com 41 semanas de gesta\u00e7\u00e3o (a mam\u00e3e nem aguentava mais voc\u00ea grand\u00e3o na barriga me chutando em todos os lugares). Nasceu por volta das 9 da noite e foi direto pro colo do seu pai at\u00e9 acabar de costurar a mam\u00e3e. Pegou no seio f\u00e1cil nos primeiros minutos de vida. Os 3 dias que ficamos no hospital foi tranquilo, eu dormia junto com voc\u00ea na cama abra\u00e7adinho. Quando chegou aqui ficou conhecendo sua irm\u00e3zinha, sua v\u00f3 que estava a sua espera toda ansiosa. Foi um m\u00eas muito tranquilo. 1&#8230;<\/p>\n","protected":false},"author":2,"featured_media":377,"comment_status":"open","ping_status":"closed","sticky":false,"template":"","format":"standard","meta":{"ocean_post_layout":"","ocean_both_sidebars_style":"","ocean_both_sidebars_content_width":0,"ocean_both_sidebars_sidebars_width":0,"ocean_sidebar":"","ocean_second_sidebar":"","ocean_disable_margins":"enable","ocean_add_body_class":"","ocean_shortcode_before_top_bar":"","ocean_shortcode_after_top_bar":"","ocean_shortcode_before_header":"","ocean_shortcode_after_header":"","ocean_has_shortcode":"","ocean_shortcode_after_title":"","ocean_shortcode_before_footer_widgets":"","ocean_shortcode_after_footer_widgets":"","ocean_shortcode_before_footer_bottom":"","ocean_shortcode_after_footer_bottom":"","ocean_display_top_bar":"default","ocean_display_header":"default","ocean_header_style":"","ocean_center_header_left_menu":"","ocean_custom_header_template":"","ocean_custom_logo":0,"ocean_custom_retina_logo":0,"ocean_custom_logo_max_width":0,"ocean_custom_logo_tablet_max_width":0,"ocean_custom_logo_mobile_max_width":0,"ocean_custom_logo_max_height":0,"ocean_custom_logo_tablet_max_height":0,"ocean_custom_logo_mobile_max_height":0,"ocean_header_custom_menu":"","ocean_menu_typo_font_family":"","ocean_menu_typo_font_subset":"","ocean_menu_typo_font_size":0,"ocean_menu_typo_font_size_tablet":0,"ocean_menu_typo_font_size_mobile":0,"ocean_menu_typo_font_size_unit":"px","ocean_menu_typo_font_weight":"","ocean_menu_typo_font_weight_tablet":"","ocean_menu_typo_font_weight_mobile":"","ocean_menu_typo_transform":"","ocean_menu_typo_transform_tablet":"","ocean_menu_typo_transform_mobile":"","ocean_menu_typo_line_height":0,"ocean_menu_typo_line_height_tablet":0,"ocean_menu_typo_line_height_mobile":0,"ocean_menu_typo_line_height_unit":"","ocean_menu_typo_spacing":0,"ocean_menu_typo_spacing_tablet":0,"ocean_menu_typo_spacing_mobile":0,"ocean_menu_typo_spacing_unit":"","ocean_menu_link_color":"","ocean_menu_link_color_hover":"","ocean_menu_link_color_active":"","ocean_menu_link_background":"","ocean_menu_link_hover_background":"","ocean_menu_link_active_background":"","ocean_menu_social_links_bg":"","ocean_menu_social_hover_links_bg":"","ocean_menu_social_links_color":"","ocean_menu_social_hover_links_color":"","ocean_disable_title":"default","ocean_disable_heading":"default","ocean_post_title":"","ocean_post_subheading":"","ocean_post_title_style":"","ocean_post_title_background_color":"","ocean_post_title_background":0,"ocean_post_title_bg_image_position":"","ocean_post_title_bg_image_attachment":"","ocean_post_title_bg_image_repeat":"","ocean_post_title_bg_image_size":"","ocean_post_title_height":0,"ocean_post_title_bg_overlay":0.5,"ocean_post_title_bg_overlay_color":"","ocean_disable_breadcrumbs":"default","ocean_breadcrumbs_color":"","ocean_breadcrumbs_separator_color":"","ocean_breadcrumbs_links_color":"","ocean_breadcrumbs_links_hover_color":"","ocean_display_footer_widgets":"default","ocean_display_footer_bottom":"default","ocean_custom_footer_template":"","ocean_post_oembed":"","ocean_post_self_hosted_media":"","ocean_post_video_embed":"","ocean_link_format":"","ocean_link_format_target":"self","ocean_quote_format":"","ocean_quote_format_link":"post","ocean_gallery_link_images":"on","ocean_gallery_id":[],"footnotes":""},"categories":[38],"tags":[29],"class_list":["post-91","post","type-post","status-publish","format-standard","has-post-thumbnail","hentry","category-meu-diario","tag-meu-diario","entry","has-media"],"_links":{"self":[{"href":"https:\/\/luanabeatriz.art\/blog\/wp-json\/wp\/v2\/posts\/91","targetHints":{"allow":["GET"]}}],"collection":[{"href":"https:\/\/luanabeatriz.art\/blog\/wp-json\/wp\/v2\/posts"}],"about":[{"href":"https:\/\/luanabeatriz.art\/blog\/wp-json\/wp\/v2\/types\/post"}],"author":[{"embeddable":true,"href":"https:\/\/luanabeatriz.art\/blog\/wp-json\/wp\/v2\/users\/2"}],"replies":[{"embeddable":true,"href":"https:\/\/luanabeatriz.art\/blog\/wp-json\/wp\/v2\/comments?post=91"}],"version-history":[{"count":2,"href":"https:\/\/luanabeatriz.art\/blog\/wp-json\/wp\/v2\/posts\/91\/revisions"}],"predecessor-version":[{"id":407,"href":"https:\/\/luanabeatriz.art\/blog\/wp-json\/wp\/v2\/posts\/91\/revisions\/407"}],"wp:featuredmedia":[{"embeddable":true,"href":"https:\/\/luanabeatriz.art\/blog\/wp-json\/wp\/v2\/media\/377"}],"wp:attachment":[{"href":"https:\/\/luanabeatriz.art\/blog\/wp-json\/wp\/v2\/media?parent=91"}],"wp:term":[{"taxonomy":"category","embeddable":true,"href":"https:\/\/luanabeatriz.art\/blog\/wp-json\/wp\/v2\/categories?post=91"},{"taxonomy":"post_tag","embeddable":true,"href":"https:\/\/luanabeatriz.art\/blog\/wp-json\/wp\/v2\/tags?post=91"}],"curies":[{"name":"wp","href":"https:\/\/api.w.org\/{rel}","templated":true}]}}