{"id":89,"date":"2017-02-23T14:08:00","date_gmt":"2017-02-23T17:08:00","guid":{"rendered":""},"modified":"2025-07-27T19:19:54","modified_gmt":"2025-07-27T22:19:54","slug":"aplv-alergia-alimentar-nao-e-facil","status":"publish","type":"post","link":"https:\/\/luanabeatriz.art\/blog\/aplv-alergia-alimentar-nao-e-facil\/","title":{"rendered":"APLV :: Alergia alimentar n\u00e3o \u00e9 f\u00e1cil!"},"content":{"rendered":"<div dir=\"ltr\" style=\"text-align: left;\">\n<div style=\"clear: both; text-align: center;\">\n<a href=\"https:\/\/luanabeatriz.art\/blog\/wp-content\/uploads\/2017\/02\/metatag.jpg\" style=\"clear: left; float: left; margin-bottom: 1em; margin-right: 1em;\"><img decoding=\"async\" border=\"0\" height=\"150\" src=\"https:\/\/luanabeatriz.art\/blog\/wp-content\/uploads\/2017\/02\/metatag-300x225.jpg\" width=\"200\" \/><\/a><\/div>\n<p>Meu menino Iago Emanuel desde que nasceu vivia gripado, nariz escorrendo, chiado no peito, teve pneumonia e at\u00e9 infec\u00e7\u00e3o de urina&#8230; quando fez 5 meses em abril de 2016 acordou com o corpo cheio de manchas vermelhas e pipoquinhas (utic\u00e1ria) espalhada pelo corpo todo&#8230; Eu assustei&#8230; pensei no pior&#8230; levei no pediatra e o pediatra disse que era alergia ao calor&#8230; cheguei em casa passei a pomada&#8230; e nada de melhora&#8230; dei at\u00e9 banho nele com maizena&#8230; nada&#8230; ai come\u00e7ou a piorar mais e mais&#8230; Come\u00e7ou a ficar com chiado forte no peito e eu morrendo de medo de ser uma nova pneumonia&#8230; tosse&#8230; e tudo mais&#8230; tiremos um raio-x de novo e n\u00e3o era pneumonia&#8230; \u00d3timo.. mas eu queria saber o que ele tinha&#8230; pedia a Deus para me mostrar o que meu filho tinha&#8230; at\u00e9 um dia que eu fui no shopping fazer compra no extra, a\u00ed antes passei no frald\u00e1rio para dar mama pro iago, ele mamou e sa\u00edmos em dire\u00e7\u00e3o ao extra&#8230; <br \/>\n<a name='more'><\/a>s\u00f3 que no meio do caminho ele vomitou&#8230; a\u00ed tivemos que voltar at\u00e9 o frald\u00e1rio&#8230; chegando l\u00e1 deitei ele para troc\u00e1-lo e uma m\u00e3e que estava l\u00e1 me perguntou: <\/p>\n<p>\nseu filho \u00e9 aplv tamb\u00e9m?<br \/>\nai eu sem entender nadica de nada: han? aplv? que isso?<br \/>\nai ela: \u00e9 alergia \u00e0 proteina do leite de vaca<br \/>\nai eu: ele mama no meu seio ainda<br \/>\nai ela: mas o que a gente consome vai pro leite, olha o meu tbm tem alergia ao leite eu custei a doescobrir eu levei no pediatra e eles falava que era tudo alergia ao calor&#8230; at\u00e9 que descobri agora ele ta melhorando&#8230;<\/p>\n<p>Olhei o filho dela, e, realmente estava com manchas e uticaria iguais a do iago&#8230; Agradeci ent\u00e3o pela troca de informa\u00e7\u00f5es e segui com a cabe\u00e7a batucando milh\u00f5es de coisas pro extra&#8230;<br \/>\nFizemos a compra toda e voltamos para casa.,,<br \/>\nChegamos em casa invadi o google&#8230;n\u00e3o parava mais de pesquisar sobre alergia alimentar, entrei em grupos do facebook&#8230; li ali.. li aqui e acol\u00e1&#8230;<br \/>\nPassei a noite lendo&#8230;<br \/>\nAprendi que lactose \u00e9 diferente de lactoalbulbina e de outras proteinas do leite&#8230; Lactose \u00e9 apenas a a\u00e7\u00facar do leite, ou seja pessoas intolerante a lactose tem diarreia e barriga inchada (que n\u00e3o era o caso do iago) o caso dele era alergia \u00e0 proteina do leite (que pode dar chiado no peito, asmas, infec\u00e7\u00f5es respirat\u00f3rias, utic\u00e1rias, manchas na pele, outras infec\u00e7\u00f5es, c\u00f3licas e at\u00e9 mesmo sangue nas fezes)<br \/>\nFiquei chocada!<br \/>\nPara eu continuar amamentando ele teria que largar o leite! N\u00e3o poderia mais tomar meu leite com caf\u00e9 ou com nescau que tanto amava&#8230;<br \/>\nFiquei chocada! Muito choque&#8230;.<br \/>\nMe perguntei como iria fazer pois parar de amamentar ele nao podia e tbm n\u00e3o queria.<br \/>\nDa\u00ed surgiu aquela for\u00e7a interna de m\u00e3e!<br \/>\nN\u00e3o eu consigo&#8230; vou parar de beber leite!<br \/>\nParei 1 semana de beber leite&#8230;<br \/>\nO menino melhorou 45%&#8230;. a\u00ed decidi parar com a soja e com o ovo pois pesquisei e vi que esses 3 s\u00e3o os alimentos que s\u00e3o mais al\u00e9rgenos em quem tem aplv.<br \/>\nParei mais uma semana com leite, soja e ovo&#8230;<br \/>\nO menino melhorou 99%<br \/>\nFaltava somente o chiado no peito dele sumir e um pouco das uticarias&#8230;<br \/>\nMantive a dieta firme e forte&#8230;<br \/>\nDepois de 1 m\u00eas de dieta tudo sumiu&#8230; o menino nunca mais adoeceu&#8230; nunca mais escutei chiado no peito dele, nem tosse, nem gripes e afins&#8230;<br \/>\nUma amiga que tamb\u00e9m tem uma filha de 5 anos chamada Gabrielly que tem alergia a leite, soja, ovo e corantes me ajudou tanto com suas receitas, seu nome \u00e9 Leila L Henkel. Com a ajuda dela eu comecei a enxergar essa dieta alimentar com outros olhos.<br \/>\nMas fiquei com a m\u00e3o co\u00e7ando pois queria levar tudo isso al\u00e9m&#8230;<br \/>\nFoi a\u00ed que surgiu a ideia de fazer uma p\u00e1gina no facebook e um blog a fim de registrar todas as receitas minhas, da Leila e de todos que quiserem colaborar.<br \/>\nE foi um sucesso! Fiz a logo e tudo mais&#8230; ficaram divinos!<br \/>\nVeja voc\u00ea mesmo:<\/p>\n<p>P\u00e1gina no facebook: <a href=\"https:\/\/www.facebook.com\/receitaalternativa\/\" target=\"_blank\">https:\/\/www.facebook.com\/receitaalternativa\/<\/a><br \/>\nBlog: &nbsp;<a href=\"https:\/\/receitaalternativa.blogspot.com.br\/\" target=\"_blank\">https:\/\/receitaalternativa.blogspot.com.br\/<\/a><\/p>\n<p>Com tudo isso eu sou mt grata por Deus ter me enviado aquela mulher para me mostrar a luz e fazer eu enxergar o que meu filho tinha.<br \/>\nSou muito grata de ter conhecido e me tornado amiga de Leila L Henkel por inumeras receitas que me ajudaram bastante e tbm ter criado o Receita Alternativa.<\/p>\n<p>A alergia alimentar n\u00e3o \u00e9 nada f\u00e1cil, mas atrav\u00e9s dela eu aprendi a cozinhar coisas saud\u00e1veis, aprendi que tudo pode ser feito em casa, incluive macarr\u00e3o&#8230;<br \/>\nAprendi que bolo sem ovo \u00e9 delicioso, que maionese de inhame \u00e9 divino e saud\u00e1vel, que os p\u00e3o de queijo falso (feito de batata ou mandioquinha) s\u00e3o divinos e tbm, saud\u00e1veis.<br \/>\nAprendi que posso fazer bolacha, danoninho, bolo, pizza, esfirra, manjar, sorvete, pudim, cupkakes, chantilly tudo sem utilizar leite, soja ou ovo&#8230;<\/p>\n<p>Hoje em dia estamos com mais de 10 meses de dieta! E meu menino come\u00e7ou a aceitar soja! Esses dias eu comprei um granulado que contem letcinia de soja e a proteina da soja&#8230; e ele comeu at\u00e9 e n\u00e3o houve rea\u00e7\u00f5es! Mas estamos indo com cautela&#8230; sem pressa&#8230; a cura a essa alergia ainda chegar\u00e1.<\/p>\n<p>Se voc\u00ea \u00e9 m\u00e3e com um beb\u00ea al\u00e9rgico, n\u00e3o pare de amamentar&#8230; os m\u00e9dicos me falaram assim: se ele for alergico mesmo vc ter\u00e1 que parar de amamentar ele pq tudo q se compra tem leite, soja ou ovo.. ai vc nao poder\u00e1 comer nada!<\/p>\n<p>Mas seja forte assim como eu! Basta uns treinos na cozinha que voc\u00ea detona! Pois o leite materno ajuda os al\u00e9rgicos a obter a cura mais rapidamente.<\/p>\n<p>E torno a repetir: Alergia alimentar n\u00e3o \u00e9 f\u00e1cil por\u00e9m somos mais forte que ela!<\/p>\n<p>Um forte abra\u00e7o!<\/p>\n<p>Luana<\/p><\/div>\n","protected":false},"excerpt":{"rendered":"<p>Meu menino Iago Emanuel desde que nasceu vivia gripado, nariz escorrendo, chiado no peito, teve pneumonia e at\u00e9 infec\u00e7\u00e3o de urina&#8230; quando fez 5 meses em abril de 2016 acordou com o corpo cheio de manchas vermelhas e pipoquinhas (utic\u00e1ria) espalhada pelo corpo todo&#8230; Eu assustei&#8230; pensei no pior&#8230; levei no pediatra e o pediatra disse que era alergia ao calor&#8230; cheguei em casa passei a pomada&#8230; e nada de melhora&#8230; dei at\u00e9 banho nele com maizena&#8230; nada&#8230; ai come\u00e7ou a piorar mais e mais&#8230; Come\u00e7ou a ficar com chiado forte no peito e eu morrendo de medo de ser uma nova pneumonia&#8230; tosse&#8230; e tudo mais&#8230; tiremos um raio-x de novo e n\u00e3o era pneumonia&#8230; \u00d3timo.. mas eu queria saber o que ele tinha&#8230; pedia a Deus para me mostrar o que meu filho tinha&#8230; at\u00e9 um dia que eu fui no shopping fazer compra no extra, a\u00ed antes passei no frald\u00e1rio para dar mama pro iago, ele mamou e sa\u00edmos em dire\u00e7\u00e3o ao extra&#8230; s\u00f3 que no meio do caminho ele vomitou&#8230; a\u00ed tivemos que voltar at\u00e9 o frald\u00e1rio&#8230; chegando l\u00e1 deitei ele para troc\u00e1-lo e uma m\u00e3e que estava l\u00e1 me perguntou: seu filho \u00e9 aplv tamb\u00e9m? ai eu sem entender nadica de nada: han? aplv? que isso? ai ela: \u00e9 alergia \u00e0 proteina do leite de&#8230;<\/p>\n","protected":false},"author":2,"featured_media":373,"comment_status":"open","ping_status":"closed","sticky":false,"template":"","format":"standard","meta":{"ocean_post_layout":"","ocean_both_sidebars_style":"","ocean_both_sidebars_content_width":0,"ocean_both_sidebars_sidebars_width":0,"ocean_sidebar":"","ocean_second_sidebar":"","ocean_disable_margins":"enable","ocean_add_body_class":"","ocean_shortcode_before_top_bar":"","ocean_shortcode_after_top_bar":"","ocean_shortcode_before_header":"","ocean_shortcode_after_header":"","ocean_has_shortcode":"","ocean_shortcode_after_title":"","ocean_shortcode_before_footer_widgets":"","ocean_shortcode_after_footer_widgets":"","ocean_shortcode_before_footer_bottom":"","ocean_shortcode_after_footer_bottom":"","ocean_display_top_bar":"default","ocean_display_header":"default","ocean_header_style":"","ocean_center_header_left_menu":"","ocean_custom_header_template":"","ocean_custom_logo":0,"ocean_custom_retina_logo":0,"ocean_custom_logo_max_width":0,"ocean_custom_logo_tablet_max_width":0,"ocean_custom_logo_mobile_max_width":0,"ocean_custom_logo_max_height":0,"ocean_custom_logo_tablet_max_height":0,"ocean_custom_logo_mobile_max_height":0,"ocean_header_custom_menu":"","ocean_menu_typo_font_family":"","ocean_menu_typo_font_subset":"","ocean_menu_typo_font_size":0,"ocean_menu_typo_font_size_tablet":0,"ocean_menu_typo_font_size_mobile":0,"ocean_menu_typo_font_size_unit":"px","ocean_menu_typo_font_weight":"","ocean_menu_typo_font_weight_tablet":"","ocean_menu_typo_font_weight_mobile":"","ocean_menu_typo_transform":"","ocean_menu_typo_transform_tablet":"","ocean_menu_typo_transform_mobile":"","ocean_menu_typo_line_height":0,"ocean_menu_typo_line_height_tablet":0,"ocean_menu_typo_line_height_mobile":0,"ocean_menu_typo_line_height_unit":"","ocean_menu_typo_spacing":0,"ocean_menu_typo_spacing_tablet":0,"ocean_menu_typo_spacing_mobile":0,"ocean_menu_typo_spacing_unit":"","ocean_menu_link_color":"","ocean_menu_link_color_hover":"","ocean_menu_link_color_active":"","ocean_menu_link_background":"","ocean_menu_link_hover_background":"","ocean_menu_link_active_background":"","ocean_menu_social_links_bg":"","ocean_menu_social_hover_links_bg":"","ocean_menu_social_links_color":"","ocean_menu_social_hover_links_color":"","ocean_disable_title":"default","ocean_disable_heading":"default","ocean_post_title":"","ocean_post_subheading":"","ocean_post_title_style":"","ocean_post_title_background_color":"","ocean_post_title_background":0,"ocean_post_title_bg_image_position":"","ocean_post_title_bg_image_attachment":"","ocean_post_title_bg_image_repeat":"","ocean_post_title_bg_image_size":"","ocean_post_title_height":0,"ocean_post_title_bg_overlay":0.5,"ocean_post_title_bg_overlay_color":"","ocean_disable_breadcrumbs":"default","ocean_breadcrumbs_color":"","ocean_breadcrumbs_separator_color":"","ocean_breadcrumbs_links_color":"","ocean_breadcrumbs_links_hover_color":"","ocean_display_footer_widgets":"default","ocean_display_footer_bottom":"default","ocean_custom_footer_template":"","ocean_post_oembed":"","ocean_post_self_hosted_media":"","ocean_post_video_embed":"","ocean_link_format":"","ocean_link_format_target":"self","ocean_quote_format":"","ocean_quote_format_link":"post","ocean_gallery_link_images":"on","ocean_gallery_id":[],"footnotes":""},"categories":[38],"tags":[29],"class_list":["post-89","post","type-post","status-publish","format-standard","has-post-thumbnail","hentry","category-meu-diario","tag-meu-diario","entry","has-media"],"_links":{"self":[{"href":"https:\/\/luanabeatriz.art\/blog\/wp-json\/wp\/v2\/posts\/89","targetHints":{"allow":["GET"]}}],"collection":[{"href":"https:\/\/luanabeatriz.art\/blog\/wp-json\/wp\/v2\/posts"}],"about":[{"href":"https:\/\/luanabeatriz.art\/blog\/wp-json\/wp\/v2\/types\/post"}],"author":[{"embeddable":true,"href":"https:\/\/luanabeatriz.art\/blog\/wp-json\/wp\/v2\/users\/2"}],"replies":[{"embeddable":true,"href":"https:\/\/luanabeatriz.art\/blog\/wp-json\/wp\/v2\/comments?post=89"}],"version-history":[{"count":2,"href":"https:\/\/luanabeatriz.art\/blog\/wp-json\/wp\/v2\/posts\/89\/revisions"}],"predecessor-version":[{"id":405,"href":"https:\/\/luanabeatriz.art\/blog\/wp-json\/wp\/v2\/posts\/89\/revisions\/405"}],"wp:featuredmedia":[{"embeddable":true,"href":"https:\/\/luanabeatriz.art\/blog\/wp-json\/wp\/v2\/media\/373"}],"wp:attachment":[{"href":"https:\/\/luanabeatriz.art\/blog\/wp-json\/wp\/v2\/media?parent=89"}],"wp:term":[{"taxonomy":"category","embeddable":true,"href":"https:\/\/luanabeatriz.art\/blog\/wp-json\/wp\/v2\/categories?post=89"},{"taxonomy":"post_tag","embeddable":true,"href":"https:\/\/luanabeatriz.art\/blog\/wp-json\/wp\/v2\/tags?post=89"}],"curies":[{"name":"wp","href":"https:\/\/api.w.org\/{rel}","templated":true}]}}