{"id":88,"date":"2017-09-11T14:59:00","date_gmt":"2017-09-11T17:59:00","guid":{"rendered":""},"modified":"2025-07-27T19:19:42","modified_gmt":"2025-07-27T22:19:42","slug":"relato-de-cura-das-alergias-leite-soja-ovo-banana","status":"publish","type":"post","link":"https:\/\/luanabeatriz.art\/blog\/relato-de-cura-das-alergias-leite-soja-ovo-banana\/","title":{"rendered":"Relato de cura das alergias :: Leite &#8211; soja &#8211; ovo &#8211; banana"},"content":{"rendered":"<div dir=\"ltr\" style=\"text-align: left;\">\n<div style=\"clear: both; text-align: center;\">\n<a href=\"https:\/\/luanabeatriz.art\/blog\/wp-content\/uploads\/2017\/09\/18920179_1340683355980304_2384491680550819761_n.jpg\" style=\"clear: left; float: left; margin-bottom: 1em; margin-right: 1em;\"><img fetchpriority=\"high\" decoding=\"async\" border=\"0\" data-original-height=\"960\" data-original-width=\"540\" height=\"320\" src=\"https:\/\/luanabeatriz.art\/blog\/wp-content\/uploads\/2017\/09\/18920179_1340683355980304_2384491680550819761_n-169x300.jpg\" width=\"180\" \/><\/a><\/div>\n<p>Relato de Cura! (4 de 4 al\u00e9rgenos)<\/p>\n<p>\u00c9 com uma imensa satisfa\u00e7\u00e3o que escrevo aqui um relato de cura do meu pequeno a fim de servir de incentivo e ou ajuda a outras mam\u00e3es!!! Vou tentar n\u00e3o fazer um text\u00e3o daquele tamanho&#8230; Vamos l\u00e1:<\/p>\n<p><b>1- Quando tudo come\u00e7ou:<\/b><br \/>\nDesde a gravidez eu n\u00e3o podia tomar leite integral que eu passava mal&#8230; at\u00e9 deixei escapar quando eu estava com 7\u00b0 meses de gesta\u00e7\u00e3o uma frase: &#8220;Credo estranho eu passar mal com leite&#8230; ser\u00e1 que \u00e9 um aviso que meu filho ter\u00e1 alergia a leite? eu hein&#8221; .<\/p>\n<p>Meses depois o iago nasceu e na sala da maternidade ele vivia espirrando&#8230; perguntei as enfermeiras e elas disseram que poderia ser o liquido amin\u00f3tico&#8230; que era normal&#8230;<br \/>\nIago sempre vivia resfriado&#8230; nariz escorrendo&#8230; foram mts gripes&#8230; pneumonia (teve com 3 meses)&#8230; asmas&#8230; e afins&#8230; e o chiado no peito dele nunca parava&#8230;<\/p>\n<p>At\u00e9 que chegou o anivers\u00e1rio da irm\u00e3 dele&#8230; eu fiz bolo, torta&#8230; brigadeiro month de coisa e consumi bastante e o iago tava com 5 meses na \u00e9poca e de repente noutro dia apos a festa ele acordou cheio de manchas pelo corpo todo&#8230; manchas vermelhas e carocinhos em partes&#8230; Eu pirei neh pq eu pensei o pior&#8230; medi a febre dele e ele tava \u00f3timo sem febre e sem nada&#8230; s\u00f3 n\u00e3o conseguia mamar ele mamava no meu seio e reclamava e parece que ele ficava mais vermelho ainda&#8230;<br \/>\n<br \/>\n<a name='more'><\/a><\/p>\n<p>Levei no pediatra que disse que era alergia ao calor&#8230; cheguei em casa dei banho nele de maizena e nada resolvia.. passava pomada e s\u00f3 piorava&#8230; E eu pedindo mt a Deus pra me mostrar o que meu filho tinha!<\/p>\n<p><b>2 &#8211; A Descoberta:<\/b><\/p>\n<p>Ao sair pro shoppping de itaquera\/SP a fim de realizar uma compra do m\u00eas no hipermercado Extra&#8230; no caminho passei no frald\u00e1rio para dar mama pro iago e assim segui a caminho do extra&#8230; Mas no meio do caminho ele vomitou me fazendo voltar pro frald\u00e1rio&#8230; Estava eu l\u00e1 trocando ele, de repente chegou uma m\u00e3e e esta que me perguntou: &#8220;Seu filho \u00e9 APLV tbm?&#8221; Ai eu meio sem entender, perguntei o q era aquilo&#8230; Ai ela explicou e conversa vai e conversa vem ai cheguei em casa fui pesquisar e os sintomas batiam!!!<\/p>\n<p>Resolvi fazer um teste cortei o leite durante uma semana e o bixin come\u00e7ou a melhorar!!! Ai tinha algo que tava atrapalhando a melhora&#8230; cortei a soja tbm, o ovo&#8230; e ele melhorou mt&#8230; em 1 m\u00eas de dieta sem o leite a soja e o ovo ele se auto transformou em outra crian\u00e7a&#8230; Sumiu o chiado do peito&#8230; as manchas&#8230; os carocinhos&#8230; tudo&#8230;<\/p>\n<p>Ai resolvemos testar 1 por um para confirmar&#8230; primeiro testamos a soja&#8230; ele ficou ruim de novo&#8230; tratamos&#8230; Soja confirmada&#8230;<br \/>\nDepois testamos o ovo&#8230; mesma coisa.. ele ficou mal de novo&#8230; Ovo confirmado&#8230;<br \/>\nO leite era s\u00f3 eu comer um pedacinho de chocolate que ele reagia&#8230; Leite confirmado&#8230;<\/p>\n<p>Depois veio a rea\u00e7\u00e3o da banana que ele reagiu feio com manchas e chiado no peito&#8230;<\/p>\n<p><b>3- A Dieta<br \/>\nN\u00e3o foi f\u00e1cil&#8230; <\/b><\/p>\n<p>A pediatra disse que se ele fosse mesmo al\u00e9rgico eu teria que desmam\u00e1-lo pq tudo se compra tem leite&#8230; etc e tals.. sai de l\u00e1 sem ch\u00e3o, n\u00e3o queria desmamar meu filho amamentar \u00e9 tudo pra mim&#8230;<\/p>\n<p>Passei noites em claro pesquisando&#8230; lendo o grupo&#8230; lendo relatos de mam\u00e3es&#8230; lendo tudo.. Li que crian\u00e7as q amamentam a chance de cura \u00e9 maior&#8230; <\/p>\n<p>Conheci uma pessoa que \u00e9 m\u00e3e de uma crian\u00e7a com as mesmas alergia que a minha&#8230; Pedi ajuda pra ela que muitos conhecem \u00e9 a<br \/>\nLeila L Henkel.<br \/>\nEla abriu as portas pra minha dieta, me tornou uma craque na cozinha. Me aturou no inbox do facebook e no whatsapp&#8230; Me mandava receitas e compartilhou todas as receitas comigo. E eu tive 1 ano e 4 meses de dieta super normal&#8230; <\/p>\n<p>Fazia pizzas, pastel, empada, lanches&#8230; tudo que vc sonhar eu comia!!!<br \/>\nPor gratid\u00e3o a isso fiz at\u00e9 uma p\u00e1gina para compartilhar receitas e ajudar outras mam\u00e3es que \u00e9 a <a href=\"https:\/\/www.facebook.com\/receitaalternativa\/\" target=\"_blank\">Receitas Alternativas<\/a><\/p>\n<p><b>4- O Medo<\/b><\/p>\n<p>Quando descobri a alergia comecei a ter medo de tudo&#8230; medo de comprar alimentos.. medo do toque&#8230; medo de tudo&#8230; medo de dar meu filho pra algu\u00e9m e esse algu\u00e9m dar um alimento que ele n\u00e3o pode comer&#8230; tinha medo ate de sair com ele&#8230; <\/p>\n<p>Passei a ficar sempre em casa&#8230; At\u00e9 mandava a irma dele tomar leite l\u00e1 bem longe dele.<br \/>\nMedo das vacinas&#8230; realmente muito medo!!!<\/p>\n<p><b>5- Os acidentes<br \/>\n<\/b><br \/>No come\u00e7o da dieta eu acordei meia sonolenta e sem querer enfiei uma colher de nescau na minha boca e engoli&#8230; o resultado disso foi 1 semana de uticaria nele&#8230;<\/p>\n<p>Teve uma vez que ele abriu a lancheira da irm\u00e3 dele e colocou uma bolacha recheada todinha na boca&#8230; eu quase pirei&#8230; ele come\u00e7ou a ficar com manchas na cara na mesma hora&#8230; j\u00e1 demos o hixizine (anti alergico) para ele tomar e passou&#8230; Ufa&#8230;<\/p>\n<p>Uma vez est\u00e1vamos na igreja e um cara deu uma bolacha na m\u00e3o dele&#8230; eu voei ate o local em segundos antes que ele colocasse na boca! rs (mt gente da sem perguntar isso perigoso)<\/p>\n<p><b>6- Os m\u00e9dicos e Exames<\/b><\/p>\n<p>Nenhum m\u00e9dico assumiu a gente&#8230; O pediatra no inicio que falava que era alergia ao calor n\u00e3o voltei mais nele&#8230; o que falou que podia ser aplv quando perguntei foi uma pediatra do postinho&#8230; At\u00e9 cheguei a levar no alergo depois de fazer uma bateria de exames e dar tudo negativo&#8230; O alergo me disse que meu filho n\u00e3o tem alergia nenhuma e me mandou a voltar a introduzir tudo&#8230; sai de l\u00e1 nervosa e irritada&#8230; e \u00e9 claro q nao voltei a introduzir ele tinha apenas 8 meses e est\u00e1vamos com 2 meses apenas de dieta! ou seja ele tinha acabado de sarar daquele pesadelo!!!<\/p>\n<p>Depois de 1 ano e 5 meses de dieta&#8230; resolvi levar ele num alergo de novo sabe?? E uma alergo me atendeu e me disse tudo que eu precisava ouvir ela disse que eu fiz o certo, que tomei atitude certa, que nem sempre uma crian\u00e7a alergica \u00e9 mediada&#8230; que meu filho pelo tempo de dieta poderia estar j\u00e1 curado&#8230; que era pra eu esperar os exames para tentar reintroduzir novos alimentos&#8230; e at\u00e9 me deu parab\u00e9ns&#8230; Sai de l\u00e1 quase chorando&#8230; Finalmente fui reconhecida sabe?<br \/>\nFizemos esses exames e deram tudo negativo de novo!!!<\/p>\n<p>Com 1 ano e 9 meses foi feito o teste cut\u00e2neo do ovo e deram tudo negativo!<\/p>\n<p><b>7- A reintrodu\u00e7\u00e3o e cura:<br \/>\n<\/b><\/p>\n<p>Durante a dieta eu fazia pequenos testes com o passar de 3 meses&#8230; O primeiro teste que fiz foi da soja&#8230; Eu consumi um achocolatado de soja chamado APTI e ele n\u00e3o reagiu&#8230; ai testei nele&#8230; e ele n\u00e3o reagiu tbm&#8230; depois comprei aquele granulado pensando q tinha apenas leticinia de soja&#8230; ele comeu bastante e n\u00e3o reagiu&#8230; ai quando fui ver tinha prote\u00edna da soja tbm!!! Ai eu comecei a dar pra ele coisa com soja e ele n\u00e3o reagiu&#8230; ai vencemos a soja foi ano passado em novembro (11\/2016).<\/p>\n<p>O mesmo aconteceu com a banana 2 meses depois da soja&#8230; eu comecei a comer banana e ele nao reagia via leite materno&#8230; Ai minha mae veio aqui pra casa e eu disse a ela q o iago nao tava reagindo mais a banana e ela tocou a banana na boca dele&#8230; E n\u00e3o reagiu mesmo!!!<\/p>\n<p>Ai depois em dezembro eu tive coragem de testar o leite&#8230; tomei leite por 1 semana&#8230; e ele reagiu com manchas pelo corpo&#8230; Ai eu cortei o leite de novo da dieta&#8230;<\/p>\n<p>Em maio me encorajaram para voltar firme com o leite&#8230; eu comecei a tomar leite de novo&#8230; e as semanas foram passando e nada dele reagir&#8230; eu ate abusei (comi queijo com for\u00e7a e afins) e nada de rea\u00e7\u00e3o&#8230;<br \/>\n1 mes se passou e eu ofereci leite pra ele&#8230; ele tomou 5 golada do meu leite&#8230; esperei 72 horas com o cora\u00e7\u00e3o na m\u00e3o&#8230; e ele nao reagiu!!!<br \/>\nAi tive coragem de comprar daninho e deixei ele tomar com o cora\u00e7\u00e3o na mao n\u00e9&#8230; e ele nao reagiu&#8230; portanto vencemos o leite.<\/p>\n<p>Em julho testamos o ovo em produtos, pelo seio e tbm nele!!! NADA DE REA\u00c7\u00c3O!!!<\/p>\n<p><b>8- A sensa\u00e7\u00e3o:<\/b><\/p>\n<p>\u00c9 bem estranho quando vc entra na dieta e quando vc sai dela&#8230; A sensa\u00e7\u00e3o \u00e9 a mesma&#8230; Voc\u00ea entra com medo e sai com medo&#8230; Voc\u00ea entra sem saber como fazer isso e tbm sai sem saber como deixar aquilo.<\/p>\n<p>A unica coisa boa \u00e9 a sensa\u00e7\u00e3o de alivio que a gente sente que nosso filho corre menos risco!!!<\/p>\n<p>Mas essas alergia deixa a gente presa nessa dieta&#8230; vcs pensam que vou abandonar aqueles bolos deliciosos sem leite? Aquelas receitas super saud\u00e1veis??? Never<\/p>\n<p>Estou me despedindo das alergias&#8230; vencemos todas!!! Gra\u00e7as a Deus!!! o ovo era a \u00faltima de todas elas!!! <\/p>\n<p>Agora ele est\u00e1 com as vacinas marcadas (as que tem ovo) para tomar e observar!<\/p>\n<p><b>9- Os novos alimentos<\/b><\/p>\n<p>Meu filho tem 1 ano e 8 meses&#8230; e detesta queijo, n\u00e3o gosta de nenhuma bolacha industrializada&#8230; ele prefere tudo que a gente faz em casa e frutas!!!<br \/>\nInclusive o danoninho ele detestou!!! Mais lambreca e brinca do que come como na foto!!<\/p>\n<p>Iago ama frutas, saladas, chocolate e se alimenta muito bem prefere mais coisas saudaveis e feita em casa do que os comprado em mercado.<\/p>\n<p><b>10- A amamenta\u00e7\u00e3o<\/b><\/p>\n<p>At\u00e9 hoje amamento em livre demanda o\/ !!! meu filho \u00e9 bizerr\u00e3o da mam\u00e3e (risos)&#8230; <\/p>\n<p>Mas quero deixar bem claro que o leite materno foi um grande auxiliar nessa cura viu pq tudo eu testava primeiro via leite materno!!! Ficava semanas consumindo e observando rea\u00e7\u00e3o nele.. caso ele nao reagia testava nele&#8230; Eu acho que foi muito f\u00e1cil os testes por causa da amamenta\u00e7\u00e3o&#8230; <\/p>\n<p>E quero deixar um pedido aqui para nenhuma mam\u00e3e desmamar seu bebe por causa da dieta!!! N\u00e3o tire o peito a dieta \u00e9 poss\u00edvel!!!<br \/>\nEu passei 1 ano e 5 meses sem comprar p\u00e3o no mercado, bolacha e afins.. eu comprava s\u00f3 o basicao mesmo pra alimentar eu fazia tudo em casa o resto!!! Se eu consigui voc\u00eas tbm consegue! =)<\/p>\n<p><b>11- Despedida e agradecimento<\/b><\/p>\n<p>\u00c9 acabei falando muito n\u00e3o \u00e9? Mas dividi em t\u00f3picos!!! Um agradecimento especial mesmo ao meu esposo Edson Soares que acompanhou a dieta comigo e at\u00e9 botou muito a m\u00e3o na massa fazendo receitas e tudo mais pra agradar eu e o iago! A minha comadre Tatiane Lemos por ter todo o cuidado do mundo com a alimenta\u00e7\u00e3o e a preocupa\u00e7\u00e3o do que comprar e afins. A minha mae Jussara Cadima por todo apoio e n\u00e3o achar que estou neurotica e mesmo assim me ajudar em tudo com muito amor e carinho. \u00c0quela mulher que me falou sobre a alergia alimentar l\u00e1 no center shopping. A Leila L Henkel pelas receitas. A doutora Rita De Cassia Paz por me tirar muitas d\u00favidas que sempre recorria a ela. Aos grupos do Mfal ( Meu filho \u00e9 al\u00e9rgico a leite ) especialmente a Taciana Albuquerque que me ajudou demais!!! &nbsp;E a todos que me ajudaram com pensamentos positivos e for\u00e7a!!!<br \/>\nValew!!!\n<\/p><\/div>\n","protected":false},"excerpt":{"rendered":"<p>Relato de Cura! (4 de 4 al\u00e9rgenos) \u00c9 com uma imensa satisfa\u00e7\u00e3o que escrevo aqui um relato de cura do meu pequeno a fim de servir de incentivo e ou ajuda a outras mam\u00e3es!!! Vou tentar n\u00e3o fazer um text\u00e3o daquele tamanho&#8230; Vamos l\u00e1: 1- Quando tudo come\u00e7ou: Desde a gravidez eu n\u00e3o podia tomar leite integral que eu passava mal&#8230; at\u00e9 deixei escapar quando eu estava com 7\u00b0 meses de gesta\u00e7\u00e3o uma frase: &#8220;Credo estranho eu passar mal com leite&#8230; ser\u00e1 que \u00e9 um aviso que meu filho ter\u00e1 alergia a leite? eu hein&#8221; . Meses depois o iago nasceu e na sala da maternidade ele vivia espirrando&#8230; perguntei as enfermeiras e elas disseram que poderia ser o liquido amin\u00f3tico&#8230; que era normal&#8230; Iago sempre vivia resfriado&#8230; nariz escorrendo&#8230; foram mts gripes&#8230; pneumonia (teve com 3 meses)&#8230; asmas&#8230; e afins&#8230; e o chiado no peito dele nunca parava&#8230; At\u00e9 que chegou o anivers\u00e1rio da irm\u00e3 dele&#8230; eu fiz bolo, torta&#8230; brigadeiro month de coisa e consumi bastante e o iago tava com 5 meses na \u00e9poca e de repente noutro dia apos a festa ele acordou cheio de manchas pelo corpo todo&#8230; manchas vermelhas e carocinhos em partes&#8230; Eu pirei neh pq eu pensei o pior&#8230; medi a febre dele e ele tava \u00f3timo sem febre e sem nada&#8230;&#8230;<\/p>\n","protected":false},"author":2,"featured_media":371,"comment_status":"open","ping_status":"closed","sticky":false,"template":"","format":"standard","meta":{"ocean_post_layout":"","ocean_both_sidebars_style":"","ocean_both_sidebars_content_width":0,"ocean_both_sidebars_sidebars_width":0,"ocean_sidebar":"","ocean_second_sidebar":"","ocean_disable_margins":"enable","ocean_add_body_class":"","ocean_shortcode_before_top_bar":"","ocean_shortcode_after_top_bar":"","ocean_shortcode_before_header":"","ocean_shortcode_after_header":"","ocean_has_shortcode":"","ocean_shortcode_after_title":"","ocean_shortcode_before_footer_widgets":"","ocean_shortcode_after_footer_widgets":"","ocean_shortcode_before_footer_bottom":"","ocean_shortcode_after_footer_bottom":"","ocean_display_top_bar":"default","ocean_display_header":"default","ocean_header_style":"","ocean_center_header_left_menu":"","ocean_custom_header_template":"","ocean_custom_logo":0,"ocean_custom_retina_logo":0,"ocean_custom_logo_max_width":0,"ocean_custom_logo_tablet_max_width":0,"ocean_custom_logo_mobile_max_width":0,"ocean_custom_logo_max_height":0,"ocean_custom_logo_tablet_max_height":0,"ocean_custom_logo_mobile_max_height":0,"ocean_header_custom_menu":"","ocean_menu_typo_font_family":"","ocean_menu_typo_font_subset":"","ocean_menu_typo_font_size":0,"ocean_menu_typo_font_size_tablet":0,"ocean_menu_typo_font_size_mobile":0,"ocean_menu_typo_font_size_unit":"px","ocean_menu_typo_font_weight":"","ocean_menu_typo_font_weight_tablet":"","ocean_menu_typo_font_weight_mobile":"","ocean_menu_typo_transform":"","ocean_menu_typo_transform_tablet":"","ocean_menu_typo_transform_mobile":"","ocean_menu_typo_line_height":0,"ocean_menu_typo_line_height_tablet":0,"ocean_menu_typo_line_height_mobile":0,"ocean_menu_typo_line_height_unit":"","ocean_menu_typo_spacing":0,"ocean_menu_typo_spacing_tablet":0,"ocean_menu_typo_spacing_mobile":0,"ocean_menu_typo_spacing_unit":"","ocean_menu_link_color":"","ocean_menu_link_color_hover":"","ocean_menu_link_color_active":"","ocean_menu_link_background":"","ocean_menu_link_hover_background":"","ocean_menu_link_active_background":"","ocean_menu_social_links_bg":"","ocean_menu_social_hover_links_bg":"","ocean_menu_social_links_color":"","ocean_menu_social_hover_links_color":"","ocean_disable_title":"default","ocean_disable_heading":"default","ocean_post_title":"","ocean_post_subheading":"","ocean_post_title_style":"","ocean_post_title_background_color":"","ocean_post_title_background":0,"ocean_post_title_bg_image_position":"","ocean_post_title_bg_image_attachment":"","ocean_post_title_bg_image_repeat":"","ocean_post_title_bg_image_size":"","ocean_post_title_height":0,"ocean_post_title_bg_overlay":0.5,"ocean_post_title_bg_overlay_color":"","ocean_disable_breadcrumbs":"default","ocean_breadcrumbs_color":"","ocean_breadcrumbs_separator_color":"","ocean_breadcrumbs_links_color":"","ocean_breadcrumbs_links_hover_color":"","ocean_display_footer_widgets":"default","ocean_display_footer_bottom":"default","ocean_custom_footer_template":"","ocean_post_oembed":"","ocean_post_self_hosted_media":"","ocean_post_video_embed":"","ocean_link_format":"","ocean_link_format_target":"self","ocean_quote_format":"","ocean_quote_format_link":"post","ocean_gallery_link_images":"on","ocean_gallery_id":[],"footnotes":""},"categories":[46,38],"tags":[29],"class_list":["post-88","post","type-post","status-publish","format-standard","has-post-thumbnail","hentry","category-mamae","category-meu-diario","tag-meu-diario","entry","has-media"],"_links":{"self":[{"href":"https:\/\/luanabeatriz.art\/blog\/wp-json\/wp\/v2\/posts\/88","targetHints":{"allow":["GET"]}}],"collection":[{"href":"https:\/\/luanabeatriz.art\/blog\/wp-json\/wp\/v2\/posts"}],"about":[{"href":"https:\/\/luanabeatriz.art\/blog\/wp-json\/wp\/v2\/types\/post"}],"author":[{"embeddable":true,"href":"https:\/\/luanabeatriz.art\/blog\/wp-json\/wp\/v2\/users\/2"}],"replies":[{"embeddable":true,"href":"https:\/\/luanabeatriz.art\/blog\/wp-json\/wp\/v2\/comments?post=88"}],"version-history":[{"count":2,"href":"https:\/\/luanabeatriz.art\/blog\/wp-json\/wp\/v2\/posts\/88\/revisions"}],"predecessor-version":[{"id":404,"href":"https:\/\/luanabeatriz.art\/blog\/wp-json\/wp\/v2\/posts\/88\/revisions\/404"}],"wp:featuredmedia":[{"embeddable":true,"href":"https:\/\/luanabeatriz.art\/blog\/wp-json\/wp\/v2\/media\/371"}],"wp:attachment":[{"href":"https:\/\/luanabeatriz.art\/blog\/wp-json\/wp\/v2\/media?parent=88"}],"wp:term":[{"taxonomy":"category","embeddable":true,"href":"https:\/\/luanabeatriz.art\/blog\/wp-json\/wp\/v2\/categories?post=88"},{"taxonomy":"post_tag","embeddable":true,"href":"https:\/\/luanabeatriz.art\/blog\/wp-json\/wp\/v2\/tags?post=88"}],"curies":[{"name":"wp","href":"https:\/\/api.w.org\/{rel}","templated":true}]}}