{"id":75,"date":"2021-09-21T20:36:00","date_gmt":"2021-09-21T23:36:00","guid":{"rendered":""},"modified":"2025-07-28T20:23:26","modified_gmt":"2025-07-28T23:23:26","slug":"vale-a-pena-expor-sua-vida-pessoal-nas-redes-sociais","status":"publish","type":"post","link":"https:\/\/luanabeatriz.art\/blog\/vale-a-pena-expor-sua-vida-pessoal-nas-redes-sociais\/","title":{"rendered":"Vale a pena expor sua vida pessoal nas redes sociais?"},"content":{"rendered":"<p>&nbsp;<\/p>\n<div style=\"clear: both; text-align: center;\"><a style=\"clear: left; float: left; margin-bottom: 1em; margin-right: 1em;\" href=\"https:\/\/luanabeatriz.art\/blog\/wp-content\/uploads\/2021\/09\/redes-sociais-saude-mental.png\"><img fetchpriority=\"high\" decoding=\"async\" src=\"https:\/\/luanabeatriz.art\/blog\/wp-content\/uploads\/2021\/09\/redes-sociais-saude-mental-300x210.png\" width=\"320\" height=\"224\" border=\"0\" data-original-height=\"1415\" data-original-width=\"2021\" \/><\/a><\/div>\n<p>Esses dias parei pra pensar por que tem pessoas que postam tudo nas redes sociais? Pessoas que acordam j\u00e1 fazendo aquele storie de bom dia&#8230; acordei e fiz isso e aquilo.. estou tomando caf\u00e9 da manh\u00e3 agora&#8230; esperando fulano sair da escola&#8230; e ciclano acordar e etc&#8230; Pessoas que viajam e ao inv\u00e9s de curtir o momento de uma viagem desperdi\u00e7a horas mostrando v\u00eddeo do local que esta no Instagram&#8230; ou respondendo mensagens nas redes sociais ou vendo as curtidas e coment\u00e1rio que aquela foto da viagem que voc\u00ea postou est\u00e1 tendo&#8230; Aquela pessoa que vai numa festa e ao inv\u00e9s de estar l\u00e1 aproveitando a festa esta preocupada em tirar aquele tantos de fotos pras redes sociais&#8230; E quer saber mais? Pessoas que preparam mesvers\u00e1rio lindo pros bebes em casa mesmo com aquelas tem\u00e1tica linda s\u00f3 pensando na repercuss\u00e3o que ter\u00e1 isso nas redes sociais&#8230; quantos likes ter\u00e1 essa foto? Ser\u00e1 que serei bem vista nas redes sociais com essas fotos? Esses lugares? Essas pessoas? E se por um obs\u00e9quio algu\u00e9m posta algo melhor que o seu, voc\u00ea sente aquela vontade de tirar uma foto melhor e acaba falsificando um ato s\u00f3 pra passar inveja em algu\u00e9m nas redes sociais&#8230; Mas j\u00e1 pensou se vc faria aquela decora\u00e7\u00e3o toda se n\u00e3o tivesse redes sociais? Se n\u00e3o tivesse pra quem mostrar e pra quem se exibir?<a name=\"more\"><\/a><\/p>\n<p>Gente isso \u00e9 doen\u00e7a!!! Desculpa, sei que vivemos em um manic\u00f4mio global, sim vivemos em um mundo maluco cheio de tecnologias que te fazem ser escravo dela. Sim isso mesmo um escravo! N\u00e3o acredita? Pois comece a contar quantas horas o facebook rouba do seu tempo, o Instagram, o twitter&#8230; Voc\u00ea est\u00e1 sendo escravo das redes sociais&#8230;\u00a0 Se voc\u00ea reclama que n\u00e3o tem tempo pra nada, que esta cansado, que admira quem tem tempo pra tantas coisas&#8230; \u00c9 pq perde bastante tempo nas redes sociais e nem percebe&#8230;<\/p>\n<p>Eu tenho redes sociais sim&#8230; Antes perdia tanto tempo no facebook e Instagram que fiquei at\u00e9 passada como a gente gasta tanto tempo vendo a vida alheia&#8230; Resolvi registrar meus pr\u00f3prios momentos! Resolvi viver a minha vida, resolvi tirar fotos apenas pra minha fam\u00edlia&#8230; Resolvi parar de ficar me expondo em redes sociais&#8230;<\/p>\n<p>O resultado disso \u00e9 surpreendente&#8230; muito tempo pra fazer tudo que vc quiser: ler um livro, manter a casa limpinha, curtir um pedal na rua, brincar com as kids, nadar, jogar um jogo legal e ate mesmo papear com amigos.<\/p>\n<p>As redes sociais??? Agora \u00e9 apenas um neg\u00f3cio de trabalho onde eu entro pra postar meus trabalhos e meus hobbies de desenho.<\/p>\n<p>E voc\u00ea? O que voc\u00eas acham desse assunto? Contae pra todos os leitores lerem pelo coment\u00e1rio!<\/p>\n<p>Um forte abra\u00e7o!<\/p>\n<p>&nbsp;<\/p>\n<p style=\"text-align: center;\">Viva!<\/p>\n<p style=\"text-align: center;\">Acorde e olhe<br \/>\nSaia desse mundo<br \/>\nAbra seus olhos<br \/>\nEconomize segundos<\/p>\n<p style=\"text-align: center;\">Ganhe tempo<br \/>\nGanhe paz<br \/>\nGanhe momentos<br \/>\n\u00danicos que te satisfaz<\/p>\n<p style=\"text-align: center;\">Viva o presente<br \/>\nDeixe as redes sociais<br \/>\nCurta a vida diferente<br \/>\nComo seus ancestrais<\/p>\n<p style=\"text-align: center;\">Liberte-se<br \/>\nAcorde e olhe<br \/>\nEconomize segundos<br \/>\nGanhe momentos lindos<br \/>\nPra viver esse novo mundo!<\/p>\n<p style=\"text-align: center;\">Viva!<\/p>\n<p>Luana Beatriz de Jesus 21\/09\/2021<\/p>\n<p>&nbsp;<\/p>\n","protected":false},"excerpt":{"rendered":"<p>&nbsp; Esses dias parei pra pensar por que tem pessoas que postam tudo nas redes sociais? Pessoas que acordam j\u00e1 fazendo aquele storie de bom dia&#8230; acordei e fiz isso e aquilo.. estou tomando caf\u00e9 da manh\u00e3 agora&#8230; esperando fulano sair da escola&#8230; e ciclano acordar e etc&#8230; Pessoas que viajam e ao inv\u00e9s de curtir o momento de uma viagem desperdi\u00e7a horas mostrando v\u00eddeo do local que esta no Instagram&#8230; ou respondendo mensagens nas redes sociais ou vendo as curtidas e coment\u00e1rio que aquela foto da viagem que voc\u00ea postou est\u00e1 tendo&#8230; Aquela pessoa que vai numa festa e ao inv\u00e9s de estar l\u00e1 aproveitando a festa esta preocupada em tirar aquele tantos de fotos pras redes sociais&#8230; E quer saber mais? Pessoas que preparam mesvers\u00e1rio lindo pros bebes em casa mesmo com aquelas tem\u00e1tica linda s\u00f3 pensando na repercuss\u00e3o que ter\u00e1 isso nas redes sociais&#8230; quantos likes ter\u00e1 essa foto? Ser\u00e1 que serei bem vista nas redes sociais com essas fotos? Esses lugares? Essas pessoas? E se por um obs\u00e9quio algu\u00e9m posta algo melhor que o seu, voc\u00ea sente aquela vontade de tirar uma foto melhor e acaba falsificando um ato s\u00f3 pra passar inveja em algu\u00e9m nas redes sociais&#8230; Mas j\u00e1 pensou se vc faria aquela decora\u00e7\u00e3o toda se n\u00e3o tivesse redes sociais? Se n\u00e3o tivesse pra&#8230;<\/p>\n","protected":false},"author":2,"featured_media":345,"comment_status":"open","ping_status":"closed","sticky":false,"template":"","format":"standard","meta":{"ocean_post_layout":"","ocean_both_sidebars_style":"","ocean_both_sidebars_content_width":0,"ocean_both_sidebars_sidebars_width":0,"ocean_sidebar":"0","ocean_second_sidebar":"0","ocean_disable_margins":"enable","ocean_add_body_class":"","ocean_shortcode_before_top_bar":"","ocean_shortcode_after_top_bar":"","ocean_shortcode_before_header":"","ocean_shortcode_after_header":"","ocean_has_shortcode":"","ocean_shortcode_after_title":"","ocean_shortcode_before_footer_widgets":"","ocean_shortcode_after_footer_widgets":"","ocean_shortcode_before_footer_bottom":"","ocean_shortcode_after_footer_bottom":"","ocean_display_top_bar":"default","ocean_display_header":"default","ocean_header_style":"","ocean_center_header_left_menu":"0","ocean_custom_header_template":"0","ocean_custom_logo":0,"ocean_custom_retina_logo":0,"ocean_custom_logo_max_width":0,"ocean_custom_logo_tablet_max_width":0,"ocean_custom_logo_mobile_max_width":0,"ocean_custom_logo_max_height":0,"ocean_custom_logo_tablet_max_height":0,"ocean_custom_logo_mobile_max_height":0,"ocean_header_custom_menu":"0","ocean_menu_typo_font_family":"0","ocean_menu_typo_font_subset":"","ocean_menu_typo_font_size":0,"ocean_menu_typo_font_size_tablet":0,"ocean_menu_typo_font_size_mobile":0,"ocean_menu_typo_font_size_unit":"px","ocean_menu_typo_font_weight":"","ocean_menu_typo_font_weight_tablet":"","ocean_menu_typo_font_weight_mobile":"","ocean_menu_typo_transform":"","ocean_menu_typo_transform_tablet":"","ocean_menu_typo_transform_mobile":"","ocean_menu_typo_line_height":0,"ocean_menu_typo_line_height_tablet":0,"ocean_menu_typo_line_height_mobile":0,"ocean_menu_typo_line_height_unit":"","ocean_menu_typo_spacing":0,"ocean_menu_typo_spacing_tablet":0,"ocean_menu_typo_spacing_mobile":0,"ocean_menu_typo_spacing_unit":"","ocean_menu_link_color":"","ocean_menu_link_color_hover":"","ocean_menu_link_color_active":"","ocean_menu_link_background":"","ocean_menu_link_hover_background":"","ocean_menu_link_active_background":"","ocean_menu_social_links_bg":"","ocean_menu_social_hover_links_bg":"","ocean_menu_social_links_color":"","ocean_menu_social_hover_links_color":"","ocean_disable_title":"default","ocean_disable_heading":"default","ocean_post_title":"","ocean_post_subheading":"","ocean_post_title_style":"","ocean_post_title_background_color":"","ocean_post_title_background":0,"ocean_post_title_bg_image_position":"","ocean_post_title_bg_image_attachment":"","ocean_post_title_bg_image_repeat":"","ocean_post_title_bg_image_size":"","ocean_post_title_height":0,"ocean_post_title_bg_overlay":0.5,"ocean_post_title_bg_overlay_color":"","ocean_disable_breadcrumbs":"default","ocean_breadcrumbs_color":"","ocean_breadcrumbs_separator_color":"","ocean_breadcrumbs_links_color":"","ocean_breadcrumbs_links_hover_color":"","ocean_display_footer_widgets":"default","ocean_display_footer_bottom":"default","ocean_custom_footer_template":"0","ocean_post_oembed":"","ocean_post_self_hosted_media":"","ocean_post_video_embed":"","ocean_link_format":"","ocean_link_format_target":"self","ocean_quote_format":"","ocean_quote_format_link":"post","ocean_gallery_link_images":"on","ocean_gallery_id":[],"footnotes":""},"categories":[38,36,37],"tags":[29,31,33],"class_list":["post-75","post","type-post","status-publish","format-standard","has-post-thumbnail","hentry","category-meu-diario","category-novidades","category-utilitarios","tag-meu-diario","tag-novidades-curiosidades","tag-utilitarios","entry","has-media"],"_links":{"self":[{"href":"https:\/\/luanabeatriz.art\/blog\/wp-json\/wp\/v2\/posts\/75","targetHints":{"allow":["GET"]}}],"collection":[{"href":"https:\/\/luanabeatriz.art\/blog\/wp-json\/wp\/v2\/posts"}],"about":[{"href":"https:\/\/luanabeatriz.art\/blog\/wp-json\/wp\/v2\/types\/post"}],"author":[{"embeddable":true,"href":"https:\/\/luanabeatriz.art\/blog\/wp-json\/wp\/v2\/users\/2"}],"replies":[{"embeddable":true,"href":"https:\/\/luanabeatriz.art\/blog\/wp-json\/wp\/v2\/comments?post=75"}],"version-history":[{"count":3,"href":"https:\/\/luanabeatriz.art\/blog\/wp-json\/wp\/v2\/posts\/75\/revisions"}],"predecessor-version":[{"id":750,"href":"https:\/\/luanabeatriz.art\/blog\/wp-json\/wp\/v2\/posts\/75\/revisions\/750"}],"wp:featuredmedia":[{"embeddable":true,"href":"https:\/\/luanabeatriz.art\/blog\/wp-json\/wp\/v2\/media\/345"}],"wp:attachment":[{"href":"https:\/\/luanabeatriz.art\/blog\/wp-json\/wp\/v2\/media?parent=75"}],"wp:term":[{"taxonomy":"category","embeddable":true,"href":"https:\/\/luanabeatriz.art\/blog\/wp-json\/wp\/v2\/categories?post=75"},{"taxonomy":"post_tag","embeddable":true,"href":"https:\/\/luanabeatriz.art\/blog\/wp-json\/wp\/v2\/tags?post=75"}],"curies":[{"name":"wp","href":"https:\/\/api.w.org\/{rel}","templated":true}]}}