{"id":283,"date":"2009-07-08T20:02:00","date_gmt":"2009-07-08T23:02:00","guid":{"rendered":"https:\/\/luanabeatriz.art\/blog\/beto-marden-fala-sobre-o-sbt-reporter-desta-semana-especial-sobre-harry-potter\/"},"modified":"2025-07-28T21:47:47","modified_gmt":"2025-07-29T00:47:47","slug":"beto-marden-fala-sobre-o-sbt-reporter-desta-semana-especial-sobre-harry-potter","status":"publish","type":"post","link":"https:\/\/luanabeatriz.art\/blog\/beto-marden-fala-sobre-o-sbt-reporter-desta-semana-especial-sobre-harry-potter\/","title":{"rendered":"Beto Marden fala sobre o \u201cSBT Rep\u00f3rter\u201d desta semana: Especial sobre Harry Potter"},"content":{"rendered":"<h6>A pedido do meu amigo Estou postando essa novidade aqui boa para os f\u00e3 de harry potter ;). ^^<br \/><\/h6>\n<h6><img fetchpriority=\"high\" decoding=\"async\" title=\"betomarden_sbtreporter\" style=\"display: block; float: none; margin-left: auto; margin-right: auto;\" alt=\"betomarden_sbtreporter\" src=\"http:\/\/rd1audienciadatv.files.wordpress.com\/2009\/07\/betomarden_sbtreporter.jpg?w=258&amp;h=300\" width=\"258\" height=\"300\" \/><\/h6>\n<p align=\"center\">Esta semana ser\u00e1 especial para os milhares de f\u00e3s do bruxo mais famoso do mundo. Na contagem regressiva para o sexto filme de Harry Potter, que estreia no dia 15 de julho no Brasil, o SBT traz uma maratona com quatro filmes da saga: Harry Potter e a Pedra Filosofal, Harry Potter e a C\u00e2mara Secreta, Harry Potter e o Prisioneiro de Azkaban e Harry Potter e o C\u00e1lice de Fogo.<\/p>\n<p align=\"center\">\n<div>\n<dt>\n<div align=\"center\">J\u00e1 na quarta-feira, logo depois do Show do Milh\u00e3o, o SBT Rep\u00f3rter exibe uma mat\u00e9ria especial sobre o novo filme da s\u00e9rie: Harry Potter e o Enigma do Pr\u00edncipe. A emissora enviou para Leavesden, Inglaterra \u2013 onde o longa foi rodado \u2013 o apresentador Beto Marden (Disney Channel: Zapping Zone, Disney Planet \/ SBT: \u00cddolos, novela Amigas e Rivais, Olha Voc\u00ea, Astros), que acompanhou uma coletiva exclusiva de tr\u00eas dias realizada para as TVs parceiras da Warner Bros, da qual o SBT faz parte. <\/div>\n<p align=\"center\">Por l\u00e1, Beto Marden entrevistou o trio de protagonistas (Daniel Radcliffe, Ema Watson e Rupert Grint), outros atores do filme, o diretor David Yates e o famoso produtor respons\u00e1vel por todos os longas da s\u00e9rie, David Heyman. <\/p>\n<p align=\"center\">\n<\/dt>\n<dt>\n<p align=\"center\"><img decoding=\"async\" title=\"betomarden_sbtreporter_02\" alt=\"Emma Watson (Hermione Granger) e Rupert Grint (Rony Weasley)\" src=\"http:\/\/rd1audienciadatv.files.wordpress.com\/2009\/07\/betomarden_sbtreporter_021.jpg?w=278&amp;h=300\" width=\"278\" height=\"300\" \/><\/p>\n<p align=\"center\">Emma Watson (Hermione Granger) e Rupert Grint (Rony Weasley)<\/p>\n<p align=\"center\">\n<\/dt>\n<dt>\n<div align=\"center\">Em conversa, Beto revelou: \u201cFoi uma experi\u00eancia inesquec\u00edvel! Entrevistar um elenco ingl\u00eas de peso, incluindo aqueles atores que a gente viu crescer, gravar nos cen\u00e1rios que eu j\u00e1 conhecia dos filmes\u2026 Eu diria que foi tudo muito m\u00e1gico. At\u00e9 o famoso quadribol (esporte caracter\u00edstico na escola de magia<br \/>Hogwarts) eu pratiquei.\u201d <\/div>\n<p align=\"center\">Beto tem experi\u00eancia em reportagens internacionais. Quando trabalhava no Disney Channel, entrevistou os atores Julie Andrews, Viggo Mortensen e Nia Vardalos, dentre outros. <\/p>\n<p align=\"center\"><img decoding=\"async\" title=\"betomarden_sbtreporter_03\" alt=\"Lavender Brown (Jessie Cave) e Bonnie Wright (Gina Weasley)\" src=\"http:\/\/rd1audienciadatv.files.wordpress.com\/2009\/07\/betomarden_sbtreporter_03.jpg?w=278&amp;h=300\" width=\"278\" height=\"300\" \/><\/p>\n<p align=\"center\">Lavender Brown (Jessie Cave) e Bonnie Wright (Gina Weasley)<\/p>\n<p align=\"center\"><strong>CURIOSIDADES<\/strong><\/p>\n<p align=\"center\">&#8211; A coletiva que Beto Marden participou foi \u201cconfidencial\u201d. N\u00e3o podiam entrar nos sets de filmagem com celular, m\u00e1quina fotogr\u00e1fica e nem nenhum outro tipo de material eletr\u00f4nico;<\/p>\n<p align=\"center\">&#8211; Os textos que Beto Marden falaria durante as grava\u00e7\u00f5es (cabe\u00e7as) eram entregues no dia anterior pela Warner. A equipe do SBT passava a madrugada traduzindo os \u201ctextos gigantescos\u201d para gravar na manh\u00e3 seguinte.<\/p>\n<p align=\"center\">&#8211; A equipe da emissora de Silvio Santos era composta por apenas duas pessoas: Beto Marden e a redatora Regina Desirr\u00e9e. As grava\u00e7\u00f5es tinham que ser feitas por um c\u00e2mera da Warner.<\/p>\n<p align=\"center\">&#8211; Emissoras de sete pa\u00edses puderam participar da coletiva de Harry Potter e o Enigma do Pr\u00edncipe. (<em>Por<strong> <\/strong>Na Telinha<\/em>)<\/p>\n<\/dt>\n<\/div>\n","protected":false},"excerpt":{"rendered":"<p>A pedido do meu amigo Estou postando essa novidade aqui boa para os f\u00e3 de harry potter ;). ^^ Esta semana ser\u00e1 especial para os milhares de f\u00e3s do bruxo mais famoso do mundo. Na contagem regressiva para o sexto filme de Harry Potter, que estreia no dia 15 de julho no Brasil, o SBT traz uma maratona com quatro filmes da saga: Harry Potter e a Pedra Filosofal, Harry Potter e a C\u00e2mara Secreta, Harry Potter e o Prisioneiro de Azkaban e Harry Potter e o C\u00e1lice de Fogo. J\u00e1 na quarta-feira, logo depois do Show do Milh\u00e3o, o SBT Rep\u00f3rter exibe uma mat\u00e9ria especial sobre o novo filme da s\u00e9rie: Harry Potter e o Enigma do Pr\u00edncipe. A emissora enviou para Leavesden, Inglaterra \u2013 onde o longa foi rodado \u2013 o apresentador Beto Marden (Disney Channel: Zapping Zone, Disney Planet \/ SBT: \u00cddolos, novela Amigas e Rivais, Olha Voc\u00ea, Astros), que acompanhou uma coletiva exclusiva de tr\u00eas dias realizada para as TVs parceiras da Warner Bros, da qual o SBT faz parte. Por l\u00e1, Beto Marden entrevistou o trio de protagonistas (Daniel Radcliffe, Ema Watson e Rupert Grint), outros atores do filme, o diretor David Yates e o famoso produtor respons\u00e1vel por todos os longas da s\u00e9rie, David Heyman. Emma Watson (Hermione Granger) e Rupert Grint (Rony Weasley)&#8230;<\/p>\n","protected":false},"author":2,"featured_media":661,"comment_status":"open","ping_status":"closed","sticky":false,"template":"","format":"standard","meta":{"ocean_post_layout":"","ocean_both_sidebars_style":"","ocean_both_sidebars_content_width":0,"ocean_both_sidebars_sidebars_width":0,"ocean_sidebar":"","ocean_second_sidebar":"","ocean_disable_margins":"enable","ocean_add_body_class":"","ocean_shortcode_before_top_bar":"","ocean_shortcode_after_top_bar":"","ocean_shortcode_before_header":"","ocean_shortcode_after_header":"","ocean_has_shortcode":"","ocean_shortcode_after_title":"","ocean_shortcode_before_footer_widgets":"","ocean_shortcode_after_footer_widgets":"","ocean_shortcode_before_footer_bottom":"","ocean_shortcode_after_footer_bottom":"","ocean_display_top_bar":"default","ocean_display_header":"default","ocean_header_style":"","ocean_center_header_left_menu":"","ocean_custom_header_template":"","ocean_custom_logo":0,"ocean_custom_retina_logo":0,"ocean_custom_logo_max_width":0,"ocean_custom_logo_tablet_max_width":0,"ocean_custom_logo_mobile_max_width":0,"ocean_custom_logo_max_height":0,"ocean_custom_logo_tablet_max_height":0,"ocean_custom_logo_mobile_max_height":0,"ocean_header_custom_menu":"","ocean_menu_typo_font_family":"","ocean_menu_typo_font_subset":"","ocean_menu_typo_font_size":0,"ocean_menu_typo_font_size_tablet":0,"ocean_menu_typo_font_size_mobile":0,"ocean_menu_typo_font_size_unit":"px","ocean_menu_typo_font_weight":"","ocean_menu_typo_font_weight_tablet":"","ocean_menu_typo_font_weight_mobile":"","ocean_menu_typo_transform":"","ocean_menu_typo_transform_tablet":"","ocean_menu_typo_transform_mobile":"","ocean_menu_typo_line_height":0,"ocean_menu_typo_line_height_tablet":0,"ocean_menu_typo_line_height_mobile":0,"ocean_menu_typo_line_height_unit":"","ocean_menu_typo_spacing":0,"ocean_menu_typo_spacing_tablet":0,"ocean_menu_typo_spacing_mobile":0,"ocean_menu_typo_spacing_unit":"","ocean_menu_link_color":"","ocean_menu_link_color_hover":"","ocean_menu_link_color_active":"","ocean_menu_link_background":"","ocean_menu_link_hover_background":"","ocean_menu_link_active_background":"","ocean_menu_social_links_bg":"","ocean_menu_social_hover_links_bg":"","ocean_menu_social_links_color":"","ocean_menu_social_hover_links_color":"","ocean_disable_title":"default","ocean_disable_heading":"default","ocean_post_title":"","ocean_post_subheading":"","ocean_post_title_style":"","ocean_post_title_background_color":"","ocean_post_title_background":0,"ocean_post_title_bg_image_position":"","ocean_post_title_bg_image_attachment":"","ocean_post_title_bg_image_repeat":"","ocean_post_title_bg_image_size":"","ocean_post_title_height":0,"ocean_post_title_bg_overlay":0.5,"ocean_post_title_bg_overlay_color":"","ocean_disable_breadcrumbs":"default","ocean_breadcrumbs_color":"","ocean_breadcrumbs_separator_color":"","ocean_breadcrumbs_links_color":"","ocean_breadcrumbs_links_hover_color":"","ocean_display_footer_widgets":"default","ocean_display_footer_bottom":"default","ocean_custom_footer_template":"","ocean_post_oembed":"","ocean_post_self_hosted_media":"","ocean_post_video_embed":"","ocean_link_format":"","ocean_link_format_target":"self","ocean_quote_format":"","ocean_quote_format_link":"post","ocean_gallery_link_images":"on","ocean_gallery_id":[],"footnotes":""},"categories":[35,36],"tags":[31],"class_list":["post-283","post","type-post","status-publish","format-standard","has-post-thumbnail","hentry","category-curiosidades","category-novidades","tag-novidades-curiosidades","entry","has-media"],"_links":{"self":[{"href":"https:\/\/luanabeatriz.art\/blog\/wp-json\/wp\/v2\/posts\/283","targetHints":{"allow":["GET"]}}],"collection":[{"href":"https:\/\/luanabeatriz.art\/blog\/wp-json\/wp\/v2\/posts"}],"about":[{"href":"https:\/\/luanabeatriz.art\/blog\/wp-json\/wp\/v2\/types\/post"}],"author":[{"embeddable":true,"href":"https:\/\/luanabeatriz.art\/blog\/wp-json\/wp\/v2\/users\/2"}],"replies":[{"embeddable":true,"href":"https:\/\/luanabeatriz.art\/blog\/wp-json\/wp\/v2\/comments?post=283"}],"version-history":[{"count":1,"href":"https:\/\/luanabeatriz.art\/blog\/wp-json\/wp\/v2\/posts\/283\/revisions"}],"predecessor-version":[{"id":897,"href":"https:\/\/luanabeatriz.art\/blog\/wp-json\/wp\/v2\/posts\/283\/revisions\/897"}],"wp:featuredmedia":[{"embeddable":true,"href":"https:\/\/luanabeatriz.art\/blog\/wp-json\/wp\/v2\/media\/661"}],"wp:attachment":[{"href":"https:\/\/luanabeatriz.art\/blog\/wp-json\/wp\/v2\/media?parent=283"}],"wp:term":[{"taxonomy":"category","embeddable":true,"href":"https:\/\/luanabeatriz.art\/blog\/wp-json\/wp\/v2\/categories?post=283"},{"taxonomy":"post_tag","embeddable":true,"href":"https:\/\/luanabeatriz.art\/blog\/wp-json\/wp\/v2\/tags?post=283"}],"curies":[{"name":"wp","href":"https:\/\/api.w.org\/{rel}","templated":true}]}}