{"id":272,"date":"2009-07-16T20:39:00","date_gmt":"2009-07-16T23:39:00","guid":{"rendered":"https:\/\/luanabeatriz.art\/blog\/voces-estao-ferrado-com-o-novo-enem-agora-com-180-questoes\/"},"modified":"2025-07-28T21:42:12","modified_gmt":"2025-07-29T00:42:12","slug":"voces-estao-ferrado-com-o-novo-enem-agora-com-180-questoes","status":"publish","type":"post","link":"https:\/\/luanabeatriz.art\/blog\/voces-estao-ferrado-com-o-novo-enem-agora-com-180-questoes\/","title":{"rendered":"Voc\u00eas est\u00e3o ferrado com o novo enem agora com 180 quest\u00f5es."},"content":{"rendered":"<p>N\u00e3o \u00e9 brincadeira n\u00e3o! De 60 quest\u00e3o triplicou! Veja s\u00f3 essa mat\u00e9ria da uol:<\/p>\n<blockquote><p>O Enem (Exame Nacional do Ensino M\u00e9dio) de 2009 ter\u00e1 180 quest\u00f5es e tempo de dura\u00e7\u00e3o total de 10h, sendo 4h30 no primeiro dia e 5h30 no segundo. As informa\u00e7\u00f5es foram divulgadas no Di\u00e1rio Oficial da Uni\u00e3o desta quinta-feira (28). As provas ser\u00e3o realizadas nos dias 3 e 4 de outubro.<\/p>\n<div>\n<li><a href=\"http:\/\/www.in.gov.br\/imprensa\/visualiza\/index.jsp?data=28\/05\/2009&amp;jornal=1&amp;pagina=56&amp;totalArquivos=152\" target=\"_blank\">Veja aqui o edital do novo Enem<\/a><\/li>\n<li><a href=\"http:\/\/download.uol.com.br\/educacao\/enem2009\/novo_enem_habilidades_2009.pdf\" target=\"_blank\">Consulte as habilidades cobradas no novo Enem<\/a> (arquivo em .pdf)<\/li>\n<\/div>\n<p>O MEC (Minist\u00e9rio da Educa\u00e7\u00e3o) resolveu mudar o formato do Enem. Inicialmente, eram previstos 200 testes, mas a pasta avaliou que 180 eram suficientes para avaliar os candidatos.<\/p>\n<p>No primeiro dia de exame (3\/10), haver\u00e1 provas de ci\u00eancias da natureza e suas tecnologias e, depois, ci\u00eancias humanas e suas tecnologias. Nesse dia, os candidatos ter\u00e3o 4h30 para resolver as quest\u00f5es.<\/p>\n<p>No segundo dia (4\/10), ser\u00e3o aplicadas a prova de linguagens, c\u00f3digos e suas tecnologias, que inclui a reda\u00e7\u00e3o, e a prova de matem\u00e1tica e suas tecnologias. Os estudantes ter\u00e3o 5h30 para a resolu\u00e7\u00e3o dos exames desse dia.<\/p>\n<p>At\u00e9 agora, 42 faculdades federais j\u00e1 declararam que ir\u00e3o utilizar o exame em seus vestibulares.<\/p>\n<div>\n<li><a href=\"http:\/\/educacao.uol.com.br\/ultnot\/2009\/05\/mapa-do-enem-pelo-brasil.jhtm\" target=\"_blank\">Veja aqui as institui\u00e7\u00f5es que adotaram o novo Enem para o vestibular 2010<\/a><\/li>\n<\/div>\n<p>O MEC definiu que o Enem poder\u00e1 ser usado de quatro formas:<\/p>\n<div>\n<li>como prova \u00fanica para a sele\u00e7\u00e3o de ingresso;<\/li>\n<li>substituindo apenas a primeira fase do vestibular pelo Enem;<\/li>\n<li>combinando a nota do Enem com a nota do vestibular tradicional; nesta modalidade, a universidade fica livre para decidir um percentual do Enem que ser\u00e1 utilizado na m\u00e9dia definitiva;<\/li>\n<li>usando o Enem como fase \u00fanica apenas para as vagas ociosas da universidade.<\/li>\n<\/div>\n<p><\/p>\n<h3>Inscri\u00e7\u00e3o<\/h3>\n<p>As inscri\u00e7\u00f5es do exame devem ser feitas somente <a href=\"http:\/\/www.inep.gov.br\/\" target=\"_blank\">pela internet<\/a>, das 8h de 15 de junho \u00e0s 23h59 de 17 de julho (hor\u00e1rio de Bras\u00edlia (DF). \u00c9 preciso preencher o cadastro e imprimir o comprovante de inscri\u00e7\u00e3o e o boleto de pagamento; a taxa custa R$ 35. Os comprovantes de inscri\u00e7\u00e3o estar\u00e3o dispon\u00edveis via web at\u00e9 o dia 24 de julho.<\/p>\n<p>Estudantes que tenham estudado em escolas p\u00fablicas ou em institui\u00e7\u00f5es participantes do Encceja 2006, 2007 e 2008 t\u00eam isen\u00e7\u00e3o de taxa. Tamb\u00e9m ter\u00e3o isen\u00e7\u00e3o de taxa candidatos de baixa renda, bem como os inscritos no Cadastro \u00danico para Programas Sociais; para isso, \u00e9 necess\u00e1rio fazer requerimento entre os dias 15 e 19 de junho, pela web. A rela\u00e7\u00e3o dos isentos ser\u00e1 divulgada at\u00e9 3 de julho.<\/p>\n<p>O resultado do Enem dever\u00e1 ser enviado aos candidatos via Correios, a partir da segunda quinzena de janeiro de 2010.<\/p><\/blockquote>\n","protected":false},"excerpt":{"rendered":"<p>N\u00e3o \u00e9 brincadeira n\u00e3o! De 60 quest\u00e3o triplicou! Veja s\u00f3 essa mat\u00e9ria da uol: O Enem (Exame Nacional do Ensino M\u00e9dio) de 2009 ter\u00e1 180 quest\u00f5es e tempo de dura\u00e7\u00e3o total de 10h, sendo 4h30 no primeiro dia e 5h30 no segundo. As informa\u00e7\u00f5es foram divulgadas no Di\u00e1rio Oficial da Uni\u00e3o desta quinta-feira (28). As provas ser\u00e3o realizadas nos dias 3 e 4 de outubro. Veja aqui o edital do novo Enem Consulte as habilidades cobradas no novo Enem (arquivo em .pdf) O MEC (Minist\u00e9rio da Educa\u00e7\u00e3o) resolveu mudar o formato do Enem. Inicialmente, eram previstos 200 testes, mas a pasta avaliou que 180 eram suficientes para avaliar os candidatos. No primeiro dia de exame (3\/10), haver\u00e1 provas de ci\u00eancias da natureza e suas tecnologias e, depois, ci\u00eancias humanas e suas tecnologias. Nesse dia, os candidatos ter\u00e3o 4h30 para resolver as quest\u00f5es. No segundo dia (4\/10), ser\u00e3o aplicadas a prova de linguagens, c\u00f3digos e suas tecnologias, que inclui a reda\u00e7\u00e3o, e a prova de matem\u00e1tica e suas tecnologias. Os estudantes ter\u00e3o 5h30 para a resolu\u00e7\u00e3o dos exames desse dia. At\u00e9 agora, 42 faculdades federais j\u00e1 declararam que ir\u00e3o utilizar o exame em seus vestibulares. Veja aqui as institui\u00e7\u00f5es que adotaram o novo Enem para o vestibular 2010 O MEC definiu que o Enem poder\u00e1 ser usado de quatro formas: como&#8230;<\/p>\n","protected":false},"author":2,"featured_media":661,"comment_status":"open","ping_status":"closed","sticky":false,"template":"","format":"standard","meta":{"ocean_post_layout":"","ocean_both_sidebars_style":"","ocean_both_sidebars_content_width":0,"ocean_both_sidebars_sidebars_width":0,"ocean_sidebar":"","ocean_second_sidebar":"","ocean_disable_margins":"enable","ocean_add_body_class":"","ocean_shortcode_before_top_bar":"","ocean_shortcode_after_top_bar":"","ocean_shortcode_before_header":"","ocean_shortcode_after_header":"","ocean_has_shortcode":"","ocean_shortcode_after_title":"","ocean_shortcode_before_footer_widgets":"","ocean_shortcode_after_footer_widgets":"","ocean_shortcode_before_footer_bottom":"","ocean_shortcode_after_footer_bottom":"","ocean_display_top_bar":"default","ocean_display_header":"default","ocean_header_style":"","ocean_center_header_left_menu":"","ocean_custom_header_template":"","ocean_custom_logo":0,"ocean_custom_retina_logo":0,"ocean_custom_logo_max_width":0,"ocean_custom_logo_tablet_max_width":0,"ocean_custom_logo_mobile_max_width":0,"ocean_custom_logo_max_height":0,"ocean_custom_logo_tablet_max_height":0,"ocean_custom_logo_mobile_max_height":0,"ocean_header_custom_menu":"","ocean_menu_typo_font_family":"","ocean_menu_typo_font_subset":"","ocean_menu_typo_font_size":0,"ocean_menu_typo_font_size_tablet":0,"ocean_menu_typo_font_size_mobile":0,"ocean_menu_typo_font_size_unit":"px","ocean_menu_typo_font_weight":"","ocean_menu_typo_font_weight_tablet":"","ocean_menu_typo_font_weight_mobile":"","ocean_menu_typo_transform":"","ocean_menu_typo_transform_tablet":"","ocean_menu_typo_transform_mobile":"","ocean_menu_typo_line_height":0,"ocean_menu_typo_line_height_tablet":0,"ocean_menu_typo_line_height_mobile":0,"ocean_menu_typo_line_height_unit":"","ocean_menu_typo_spacing":0,"ocean_menu_typo_spacing_tablet":0,"ocean_menu_typo_spacing_mobile":0,"ocean_menu_typo_spacing_unit":"","ocean_menu_link_color":"","ocean_menu_link_color_hover":"","ocean_menu_link_color_active":"","ocean_menu_link_background":"","ocean_menu_link_hover_background":"","ocean_menu_link_active_background":"","ocean_menu_social_links_bg":"","ocean_menu_social_hover_links_bg":"","ocean_menu_social_links_color":"","ocean_menu_social_hover_links_color":"","ocean_disable_title":"default","ocean_disable_heading":"default","ocean_post_title":"","ocean_post_subheading":"","ocean_post_title_style":"","ocean_post_title_background_color":"","ocean_post_title_background":0,"ocean_post_title_bg_image_position":"","ocean_post_title_bg_image_attachment":"","ocean_post_title_bg_image_repeat":"","ocean_post_title_bg_image_size":"","ocean_post_title_height":0,"ocean_post_title_bg_overlay":0.5,"ocean_post_title_bg_overlay_color":"","ocean_disable_breadcrumbs":"default","ocean_breadcrumbs_color":"","ocean_breadcrumbs_separator_color":"","ocean_breadcrumbs_links_color":"","ocean_breadcrumbs_links_hover_color":"","ocean_display_footer_widgets":"default","ocean_display_footer_bottom":"default","ocean_custom_footer_template":"","ocean_post_oembed":"","ocean_post_self_hosted_media":"","ocean_post_video_embed":"","ocean_link_format":"","ocean_link_format_target":"self","ocean_quote_format":"","ocean_quote_format_link":"post","ocean_gallery_link_images":"on","ocean_gallery_id":[],"footnotes":""},"categories":[35,36],"tags":[31],"class_list":["post-272","post","type-post","status-publish","format-standard","has-post-thumbnail","hentry","category-curiosidades","category-novidades","tag-novidades-curiosidades","entry","has-media"],"_links":{"self":[{"href":"https:\/\/luanabeatriz.art\/blog\/wp-json\/wp\/v2\/posts\/272","targetHints":{"allow":["GET"]}}],"collection":[{"href":"https:\/\/luanabeatriz.art\/blog\/wp-json\/wp\/v2\/posts"}],"about":[{"href":"https:\/\/luanabeatriz.art\/blog\/wp-json\/wp\/v2\/types\/post"}],"author":[{"embeddable":true,"href":"https:\/\/luanabeatriz.art\/blog\/wp-json\/wp\/v2\/users\/2"}],"replies":[{"embeddable":true,"href":"https:\/\/luanabeatriz.art\/blog\/wp-json\/wp\/v2\/comments?post=272"}],"version-history":[{"count":1,"href":"https:\/\/luanabeatriz.art\/blog\/wp-json\/wp\/v2\/posts\/272\/revisions"}],"predecessor-version":[{"id":890,"href":"https:\/\/luanabeatriz.art\/blog\/wp-json\/wp\/v2\/posts\/272\/revisions\/890"}],"wp:featuredmedia":[{"embeddable":true,"href":"https:\/\/luanabeatriz.art\/blog\/wp-json\/wp\/v2\/media\/661"}],"wp:attachment":[{"href":"https:\/\/luanabeatriz.art\/blog\/wp-json\/wp\/v2\/media?parent=272"}],"wp:term":[{"taxonomy":"category","embeddable":true,"href":"https:\/\/luanabeatriz.art\/blog\/wp-json\/wp\/v2\/categories?post=272"},{"taxonomy":"post_tag","embeddable":true,"href":"https:\/\/luanabeatriz.art\/blog\/wp-json\/wp\/v2\/tags?post=272"}],"curies":[{"name":"wp","href":"https:\/\/api.w.org\/{rel}","templated":true}]}}