{"id":253,"date":"2009-10-23T07:25:00","date_gmt":"2009-10-23T09:25:00","guid":{"rendered":"https:\/\/luanabeatriz.art\/blog\/coracao-ferido\/"},"modified":"2025-07-28T21:31:55","modified_gmt":"2025-07-29T00:31:55","slug":"coracao-ferido","status":"publish","type":"post","link":"https:\/\/luanabeatriz.art\/blog\/coracao-ferido\/","title":{"rendered":"Cora\u00e7\u00e3o Ferido"},"content":{"rendered":"<div style=\"clear: both; text-align: center;\"><a href=\"https:\/\/blogger.googleusercontent.com\/img\/b\/R29vZ2xl\/AVvXsEg2nOpwaIb8g3p0Qz0MfLTcfpI3pR_B5o9rJzQzSymhFgNxRm5JPo2fYxzpm35fxGwGSzgnQTbLCXreCP38w4YaGT8xw3UVAKFTiZEUrHVfSkyi10xQnDp_FzsSTWFHr4WsNzEzKYYytqg\/s1600\/Cora%C3%A7%C3%A3o+Partido+01.bmp.jpg\" style=\"clear: left; float: left; margin-bottom: 1em; margin-right: 1em;\"><img decoding=\"async\" border=\"0\" src=\"https:\/\/blogger.googleusercontent.com\/img\/b\/R29vZ2xl\/AVvXsEg2nOpwaIb8g3p0Qz0MfLTcfpI3pR_B5o9rJzQzSymhFgNxRm5JPo2fYxzpm35fxGwGSzgnQTbLCXreCP38w4YaGT8xw3UVAKFTiZEUrHVfSkyi10xQnDp_FzsSTWFHr4WsNzEzKYYytqg\/s200\/Cora%C3%A7%C3%A3o+Partido+01.bmp.jpg\" vr=\"true\" \/><\/a>\n<\/div>\n<p>\u2022 Tempos dif\u00edcil quando tentamos esquecer uma pessoa que amamos, que acostumamos com o jeito, o cheiro, o sabor&#8230; Mas a \u00fanica op\u00e7\u00e3o foi essa&#8230; Terminou, acabou, me perdeu&#8230; E o nosso cora\u00e7\u00e3o fica assim doendo sentindo falta daquele pensamento, daquelas brigas sem sentido, daquele amor, daquela vontade de chegar o dia pra nos ver. E quando tudo espeda\u00e7a, a gente fica assim, voando no l\u00e1pide do tempo, entre o espa\u00e7o&nbsp;e o contratempo. O que a gente n\u00e3o faz pela nossa felicidade n\u00e3o \u00e9? Enfrenta tantos desafios, sofre, tenta ajudar, tenta fazer isso e aquilo&#8230; e&#8230; por fim acaba assim, com o tum tum espeda\u00e7ado, esperando mais um alguem, que possa colar os peda\u00e7os e fazer ele bater mais forte e mais fraco ao mesmo tempo, esperando alguem que me estenda a m\u00e3o, que coloque sonhos em meu pensamento dia ap\u00f3s dia, que me deixe expressar aquele sorriso lindo e gostoso nos l\u00e1bios, que me fa\u00e7a deitar na cama \u00e1 noite e ficar lembrando de grandes momentos, grandes palavras&#8230; e assim dormi gostoso esperando o amanhecer do dia. Tenho tanto amor para dar! <br \/>\n<a name='more'><\/a>Mas&#8230; o tempo toma conta, a felicidade da um alerta, a alegria e a esperan\u00e7a volta. E ai minha vez chega novamente. \u00c9 cora\u00e7\u00e3o em decomposi\u00e7\u00e3o&#8230; <br \/>\nTodos j\u00e1 se passaram por isso, esta \u00e9 minha s\u00e9tima vez. Mas at\u00e9 que n\u00e3o foi muito sofrida, pelo fato de eu mesmo ter terminado, de ter ludado pra ser feliz e nao ter conseguido, de ter tentado fazer o bem e nao ter \u00eaxito&#8230; Mas esse cora\u00e7\u00e3o bobo fica assim, doendo&#8230; <br \/>\n\u2022\u00c1s vezes me lembro de tantas pessoas, palavras ditas, momentos felizes&#8230; e as pessoas de quais eu lembro nem me procura mais, nem ao menos acho que lembram da minha exist\u00eancia. Isso me deixa deprimida, chateada ao saber que carrego um cora\u00e7\u00e3o t\u00e3o bobo e amoroso demais com o pr\u00f3ximo. Ser\u00e1 que aguem \u00e9 assim como eu tamb\u00e9m? O mundo \u00e9 grande, sempre tem alguem agindo e sentindo como vc&nbsp;como diz o du&#8230; Mas sei l\u00e1&#8230; Ser\u00e1 que existe mesmo?&nbsp; \u00c9 s\u00f3 o tempo para nos falar, s\u00f3 Deus para nos conduzir \u00e1 felicidade e s\u00f3 n\u00f3s para lutarmos para sremos felizes. <br \/>\n\u2022N\u00e3o quero ser presa no mundo social&#8230; quero conhecer o mundo, saborear todas as frutas, aventurar&#8230; arriscar, explorar a natureza&#8230; Ajudar pessoas, fazer pessoas felizes, receber a felicidade, o amor, o carinho.. ser mam\u00e3e, ser alguem que trabalha por\u00e9m que nao seja uma m\u00e1quina nu mundo social. Quero adorar a Deus, ser uma serva de Deus, quero viver como uma louca, fazer cada dia uma aventura diferente, quero viver sem medo, quero amar sem ciumes e preconceito&#8230; quero um louco amor, quero tudo e tbm quero te dar tudo. Quem nao quer n\u00e3o \u00e9? <\/p>\n<p><\/p>\n<div style=\"text-align: center;\"><b>Cora\u00e7\u00e3o ferido<\/b><\/p>\n<p>Por que n\u00e3o fizestes feliz<br \/>\nEm todo aquele tempo?<br \/>\nPor que n\u00e3o mudaste?<br \/>\nEm todo aquele momento<\/p>\n<p>Cora\u00e7\u00e3o ferido<br \/>\nFoi assim que aconteceu<br \/>\nPor falta de felicidade<br \/>\nMeu amor por ti morreu<\/p>\n<p>Espeda\u00e7ou, quebrou&#8230;<br \/>\nEu fiz de tudo pra socorrer<br \/>\nEu avisei, eu falei<br \/>\nMas voc\u00ea deixou meu amor morrer<\/p>\n<p>Por que fizeste isto?<br \/>\nMeios satisfat\u00f3rios existiam<br \/>\nPor que tu o matasse?<br \/>\nSe de ti diziam que me amariam<\/p>\n<p>Por que? <br \/>\ndeixais-o ferido<br \/>\nse fiz de tudo pra socorrer<br \/>\nEu avisei, eu falei<br \/>\nMas voc\u00ea deixou o amor morrer<\/p>\n<p><b>Por Luh@ (Luana Beatriz)<\/b><br \/>\n<i><span style=\"font-size: xx-small;\">\u00c9 proibida a c\u00f3pia de toda as poesias aqui!<\/span>&nbsp;<\/i> <\/p>\n<\/div>\n","protected":false},"excerpt":{"rendered":"<p>\u2022 Tempos dif\u00edcil quando tentamos esquecer uma pessoa que amamos, que acostumamos com o jeito, o cheiro, o sabor&#8230; Mas a \u00fanica op\u00e7\u00e3o foi essa&#8230; Terminou, acabou, me perdeu&#8230; E o nosso cora\u00e7\u00e3o fica assim doendo sentindo falta daquele pensamento, daquelas brigas sem sentido, daquele amor, daquela vontade de chegar o dia pra nos ver. E quando tudo espeda\u00e7a, a gente fica assim, voando no l\u00e1pide do tempo, entre o espa\u00e7o&nbsp;e o contratempo. O que a gente n\u00e3o faz pela nossa felicidade n\u00e3o \u00e9? Enfrenta tantos desafios, sofre, tenta ajudar, tenta fazer isso e aquilo&#8230; e&#8230; por fim acaba assim, com o tum tum espeda\u00e7ado, esperando mais um alguem, que possa colar os peda\u00e7os e fazer ele bater mais forte e mais fraco ao mesmo tempo, esperando alguem que me estenda a m\u00e3o, que coloque sonhos em meu pensamento dia ap\u00f3s dia, que me deixe expressar aquele sorriso lindo e gostoso nos l\u00e1bios, que me fa\u00e7a deitar na cama \u00e1 noite e ficar lembrando de grandes momentos, grandes palavras&#8230; e assim dormi gostoso esperando o amanhecer do dia. Tenho tanto amor para dar! Mas&#8230; o tempo toma conta, a felicidade da um alerta, a alegria e a esperan\u00e7a volta. E ai minha vez chega novamente. \u00c9 cora\u00e7\u00e3o em decomposi\u00e7\u00e3o&#8230; Todos j\u00e1 se passaram por isso, esta \u00e9 minha s\u00e9tima vez&#8230;.<\/p>\n","protected":false},"author":2,"featured_media":866,"comment_status":"open","ping_status":"closed","sticky":false,"template":"","format":"standard","meta":{"ocean_post_layout":"","ocean_both_sidebars_style":"","ocean_both_sidebars_content_width":0,"ocean_both_sidebars_sidebars_width":0,"ocean_sidebar":"","ocean_second_sidebar":"","ocean_disable_margins":"enable","ocean_add_body_class":"","ocean_shortcode_before_top_bar":"","ocean_shortcode_after_top_bar":"","ocean_shortcode_before_header":"","ocean_shortcode_after_header":"","ocean_has_shortcode":"","ocean_shortcode_after_title":"","ocean_shortcode_before_footer_widgets":"","ocean_shortcode_after_footer_widgets":"","ocean_shortcode_before_footer_bottom":"","ocean_shortcode_after_footer_bottom":"","ocean_display_top_bar":"default","ocean_display_header":"default","ocean_header_style":"","ocean_center_header_left_menu":"","ocean_custom_header_template":"","ocean_custom_logo":0,"ocean_custom_retina_logo":0,"ocean_custom_logo_max_width":0,"ocean_custom_logo_tablet_max_width":0,"ocean_custom_logo_mobile_max_width":0,"ocean_custom_logo_max_height":0,"ocean_custom_logo_tablet_max_height":0,"ocean_custom_logo_mobile_max_height":0,"ocean_header_custom_menu":"","ocean_menu_typo_font_family":"","ocean_menu_typo_font_subset":"","ocean_menu_typo_font_size":0,"ocean_menu_typo_font_size_tablet":0,"ocean_menu_typo_font_size_mobile":0,"ocean_menu_typo_font_size_unit":"px","ocean_menu_typo_font_weight":"","ocean_menu_typo_font_weight_tablet":"","ocean_menu_typo_font_weight_mobile":"","ocean_menu_typo_transform":"","ocean_menu_typo_transform_tablet":"","ocean_menu_typo_transform_mobile":"","ocean_menu_typo_line_height":0,"ocean_menu_typo_line_height_tablet":0,"ocean_menu_typo_line_height_mobile":0,"ocean_menu_typo_line_height_unit":"","ocean_menu_typo_spacing":0,"ocean_menu_typo_spacing_tablet":0,"ocean_menu_typo_spacing_mobile":0,"ocean_menu_typo_spacing_unit":"","ocean_menu_link_color":"","ocean_menu_link_color_hover":"","ocean_menu_link_color_active":"","ocean_menu_link_background":"","ocean_menu_link_hover_background":"","ocean_menu_link_active_background":"","ocean_menu_social_links_bg":"","ocean_menu_social_hover_links_bg":"","ocean_menu_social_links_color":"","ocean_menu_social_hover_links_color":"","ocean_disable_title":"default","ocean_disable_heading":"default","ocean_post_title":"","ocean_post_subheading":"","ocean_post_title_style":"","ocean_post_title_background_color":"","ocean_post_title_background":0,"ocean_post_title_bg_image_position":"","ocean_post_title_bg_image_attachment":"","ocean_post_title_bg_image_repeat":"","ocean_post_title_bg_image_size":"","ocean_post_title_height":0,"ocean_post_title_bg_overlay":0.5,"ocean_post_title_bg_overlay_color":"","ocean_disable_breadcrumbs":"default","ocean_breadcrumbs_color":"","ocean_breadcrumbs_separator_color":"","ocean_breadcrumbs_links_color":"","ocean_breadcrumbs_links_hover_color":"","ocean_display_footer_widgets":"default","ocean_display_footer_bottom":"default","ocean_custom_footer_template":"","ocean_post_oembed":"","ocean_post_self_hosted_media":"","ocean_post_video_embed":"","ocean_link_format":"","ocean_link_format_target":"self","ocean_quote_format":"","ocean_quote_format_link":"post","ocean_gallery_link_images":"on","ocean_gallery_id":[],"footnotes":""},"categories":[38],"tags":[29],"class_list":["post-253","post","type-post","status-publish","format-standard","has-post-thumbnail","hentry","category-meu-diario","tag-meu-diario","entry","has-media"],"_links":{"self":[{"href":"https:\/\/luanabeatriz.art\/blog\/wp-json\/wp\/v2\/posts\/253","targetHints":{"allow":["GET"]}}],"collection":[{"href":"https:\/\/luanabeatriz.art\/blog\/wp-json\/wp\/v2\/posts"}],"about":[{"href":"https:\/\/luanabeatriz.art\/blog\/wp-json\/wp\/v2\/types\/post"}],"author":[{"embeddable":true,"href":"https:\/\/luanabeatriz.art\/blog\/wp-json\/wp\/v2\/users\/2"}],"replies":[{"embeddable":true,"href":"https:\/\/luanabeatriz.art\/blog\/wp-json\/wp\/v2\/comments?post=253"}],"version-history":[{"count":1,"href":"https:\/\/luanabeatriz.art\/blog\/wp-json\/wp\/v2\/posts\/253\/revisions"}],"predecessor-version":[{"id":865,"href":"https:\/\/luanabeatriz.art\/blog\/wp-json\/wp\/v2\/posts\/253\/revisions\/865"}],"wp:featuredmedia":[{"embeddable":true,"href":"https:\/\/luanabeatriz.art\/blog\/wp-json\/wp\/v2\/media\/866"}],"wp:attachment":[{"href":"https:\/\/luanabeatriz.art\/blog\/wp-json\/wp\/v2\/media?parent=253"}],"wp:term":[{"taxonomy":"category","embeddable":true,"href":"https:\/\/luanabeatriz.art\/blog\/wp-json\/wp\/v2\/categories?post=253"},{"taxonomy":"post_tag","embeddable":true,"href":"https:\/\/luanabeatriz.art\/blog\/wp-json\/wp\/v2\/tags?post=253"}],"curies":[{"name":"wp","href":"https:\/\/api.w.org\/{rel}","templated":true}]}}