{"id":241,"date":"2009-11-02T12:20:00","date_gmt":"2009-11-02T14:20:00","guid":{"rendered":"https:\/\/luanabeatriz.art\/blog\/quando-o-sol-raiar-no-horizonte-la-eu-estarei\/"},"modified":"2025-07-28T21:20:50","modified_gmt":"2025-07-29T00:20:50","slug":"quando-o-sol-raiar-no-horizonte-la-eu-estarei","status":"publish","type":"post","link":"https:\/\/luanabeatriz.art\/blog\/quando-o-sol-raiar-no-horizonte-la-eu-estarei\/","title":{"rendered":"Quando o sol raiar no horizonte, l\u00e1 eu estarei!"},"content":{"rendered":"<div style=\"clear: both; text-align: center;\"><a href=\"https:\/\/blogger.googleusercontent.com\/img\/b\/R29vZ2xl\/AVvXsEgWtVIHlVImVOn3QgNyS0sDgpa692nnArkDD36PKcNMjw1UWDDxchY6RTP7Chvew6UpxxDd9uKoDBOAXrmBS78nYWO1qpKbmj2_PDKqtWj4UyNQ5vMp6Mt3ghf9ytIqcSrKoXVumnz_SbM\/s1600-h\/brilhos_horizonte.jpg\" style=\"clear: left; float: left; margin-bottom: 1em; margin-right: 1em;\"><img decoding=\"async\" border=\"0\" src=\"https:\/\/blogger.googleusercontent.com\/img\/b\/R29vZ2xl\/AVvXsEgWtVIHlVImVOn3QgNyS0sDgpa692nnArkDD36PKcNMjw1UWDDxchY6RTP7Chvew6UpxxDd9uKoDBOAXrmBS78nYWO1qpKbmj2_PDKqtWj4UyNQ5vMp6Mt3ghf9ytIqcSrKoXVumnz_SbM\/s200\/brilhos_horizonte.jpg\" \/><\/a>\n<\/div>\n<p>Sabe quando sentimos falta de algu\u00e9m, quando voc\u00ea olha ao redor e n\u00e3o h\u00e1 ningu\u00e9m para te ajudar, para te dar a m\u00e3o e te tirar daquele buraco sofredor? Sabe quando sentimos deprimidos, carentes com um vazio no peito&#8230; e depois vem aquelas pessoas que voc\u00ea tanto amam e te estende a m\u00e3o. Te abra\u00e7am, te tiram da car\u00eancia, da depre, colocam felicidade no seu cora\u00e7\u00e3o e depois de tudo, voc\u00ea come\u00e7a a ver a vida de outra maneira. Uma maneira mais viva e colorida. Voc\u00ea passa a conhecer novas pessoas, pessoas especiais, que, come\u00e7am a colar os pedacinhos que foram quebrados do seu cora\u00e7\u00e3o. Como \u00e9 bom n\u00e3o \u00e9? Poder receber palavras cativantes, pessoas que te amam, que te ajudam a enfrentar todos os obstaculos, que colocam um sorriso no seu rosto. <br \/>\n<a name='more'><\/a>N\u00e3o existe nada melhor!&nbsp; E assim, os problemas, as m\u00e1goas&#8230; s\u00e3o todas esquecidas, guardadas em um arquivo bem escondidinho na mente. E nossa mente come\u00e7a a ter aqueles pensamentos positivos, lembran\u00e7as daqueles momentos loucos e de tudo que voc\u00ea passou de bom na vida. \u00c9 isso aconteceu comigo esses dias. Eu estou restaurada, pronta para continuar meu caminho adiante. Pronta para divertir o m\u00e1ximo que puder, pronta para aceitar a dan\u00e7ar com quem me convidar. Alias, estou pronta para colorir minha vida de alegria, aproveitar minha juventude que esta preste a expirar.<br \/>\nAi como foi bom rever minhas amigas, que saudade, felicidade&#8230; foi um amor, e tamb\u00e9m conhecer novas pessoas.&nbsp; Eu n\u00e3o sei bem como agradecer \u00e0 tudo. S\u00f3 sei que aprendi muito com as pessoas que andam entrando e saindo da minha vida, saindo n\u00e3o pois elas sempre ficam na lembran\u00e7a. Mas a gente aprende milh\u00f5es e trilh\u00f5es de coisas, e somente vamos subindo a escada da vida e sempre dizendo: &#8220;Um dia eu alcanso o topo e pego minha carterinha contendo um E mai\u00fasculo.&#8221; (E de experi\u00eancia)<br \/>\nBem finalizo aqui como sempre com uma poesia minha.<\/p>\n<div style=\"text-align: center;\">Eu estarei!\n<\/div>\n<div style=\"text-align: center;\">\n<\/div>\n<div style=\"text-align: center;\">Quando olhei no horizonte\n<\/div>\n<div style=\"text-align: center;\">O sol raindo eu vi\n<\/div>\n<div style=\"text-align: center;\">Me lembrei de tua face\n<\/div>\n<div style=\"text-align: center;\">E de tudo que vivi\n<\/div>\n<div style=\"text-align: center;\">\n<\/div>\n<div style=\"text-align: center;\">Tua face tao perfeita\n<\/div>\n<div style=\"text-align: center;\">Nos raios eu pude ver\n<\/div>\n<div style=\"text-align: center;\">Que saudade, que crueldade\n<\/div>\n<div style=\"text-align: center;\">Me impedindo esquecer\n<\/div>\n<div style=\"text-align: center;\">\n<\/div>\n<div style=\"text-align: center;\">Fiquei muito tempo olhando\n<\/div>\n<div style=\"text-align: center;\">At\u00e9 o sol n\u00e3o mais existir\n<\/div>\n<div style=\"text-align: center;\">Calada s\u00f3 observando\n<\/div>\n<div style=\"text-align: center;\">A sua face no horizinte sumir\n<\/div>\n<div style=\"text-align: center;\">\n<\/div>\n<div style=\"text-align: center;\">Tenha certeza\n<\/div>\n<div style=\"text-align: center;\">Que quando os raios do sol avistar\n<\/div>\n<div style=\"text-align: center;\">Bem no hirizonte, l\u00e1 eu estarei\n<\/div>\n<div style=\"text-align: center;\">Minha face tu ir\u00e1 encontrar\n<\/div>\n<div style=\"text-align: center;\">\n<\/div>\n<div style=\"text-align: center;\"><b>By Luana Beatriz (Luh@)<\/b>\n<\/div>\n<div style=\"text-align: center;\"><b>\u00c9 proibida a c\u00f3pia desta poesia!<\/b>\n<\/div>\n<div style=\"text-align: center;\">\n<\/div>\n<div style=\"text-align: center;\">\n<\/div>\n<div style=\"text-align: center;\">\n<\/div>\n<div style=\"text-align: center;\">\n<\/div>\n<div style=\"text-align: center;\">\n<\/div>\n","protected":false},"excerpt":{"rendered":"<p>Sabe quando sentimos falta de algu\u00e9m, quando voc\u00ea olha ao redor e n\u00e3o h\u00e1 ningu\u00e9m para te ajudar, para te dar a m\u00e3o e te tirar daquele buraco sofredor? Sabe quando sentimos deprimidos, carentes com um vazio no peito&#8230; e depois vem aquelas pessoas que voc\u00ea tanto amam e te estende a m\u00e3o. Te abra\u00e7am, te tiram da car\u00eancia, da depre, colocam felicidade no seu cora\u00e7\u00e3o e depois de tudo, voc\u00ea come\u00e7a a ver a vida de outra maneira. Uma maneira mais viva e colorida. Voc\u00ea passa a conhecer novas pessoas, pessoas especiais, que, come\u00e7am a colar os pedacinhos que foram quebrados do seu cora\u00e7\u00e3o. Como \u00e9 bom n\u00e3o \u00e9? Poder receber palavras cativantes, pessoas que te amam, que te ajudam a enfrentar todos os obstaculos, que colocam um sorriso no seu rosto. N\u00e3o existe nada melhor!&nbsp; E assim, os problemas, as m\u00e1goas&#8230; s\u00e3o todas esquecidas, guardadas em um arquivo bem escondidinho na mente. E nossa mente come\u00e7a a ter aqueles pensamentos positivos, lembran\u00e7as daqueles momentos loucos e de tudo que voc\u00ea passou de bom na vida. \u00c9 isso aconteceu comigo esses dias. Eu estou restaurada, pronta para continuar meu caminho adiante. Pronta para divertir o m\u00e1ximo que puder, pronta para aceitar a dan\u00e7ar com quem me convidar. Alias, estou pronta para colorir minha vida de alegria, aproveitar minha juventude&#8230;<\/p>\n","protected":false},"author":2,"featured_media":843,"comment_status":"open","ping_status":"closed","sticky":false,"template":"","format":"standard","meta":{"ocean_post_layout":"","ocean_both_sidebars_style":"","ocean_both_sidebars_content_width":0,"ocean_both_sidebars_sidebars_width":0,"ocean_sidebar":"","ocean_second_sidebar":"","ocean_disable_margins":"enable","ocean_add_body_class":"","ocean_shortcode_before_top_bar":"","ocean_shortcode_after_top_bar":"","ocean_shortcode_before_header":"","ocean_shortcode_after_header":"","ocean_has_shortcode":"","ocean_shortcode_after_title":"","ocean_shortcode_before_footer_widgets":"","ocean_shortcode_after_footer_widgets":"","ocean_shortcode_before_footer_bottom":"","ocean_shortcode_after_footer_bottom":"","ocean_display_top_bar":"default","ocean_display_header":"default","ocean_header_style":"","ocean_center_header_left_menu":"","ocean_custom_header_template":"","ocean_custom_logo":0,"ocean_custom_retina_logo":0,"ocean_custom_logo_max_width":0,"ocean_custom_logo_tablet_max_width":0,"ocean_custom_logo_mobile_max_width":0,"ocean_custom_logo_max_height":0,"ocean_custom_logo_tablet_max_height":0,"ocean_custom_logo_mobile_max_height":0,"ocean_header_custom_menu":"","ocean_menu_typo_font_family":"","ocean_menu_typo_font_subset":"","ocean_menu_typo_font_size":0,"ocean_menu_typo_font_size_tablet":0,"ocean_menu_typo_font_size_mobile":0,"ocean_menu_typo_font_size_unit":"px","ocean_menu_typo_font_weight":"","ocean_menu_typo_font_weight_tablet":"","ocean_menu_typo_font_weight_mobile":"","ocean_menu_typo_transform":"","ocean_menu_typo_transform_tablet":"","ocean_menu_typo_transform_mobile":"","ocean_menu_typo_line_height":0,"ocean_menu_typo_line_height_tablet":0,"ocean_menu_typo_line_height_mobile":0,"ocean_menu_typo_line_height_unit":"","ocean_menu_typo_spacing":0,"ocean_menu_typo_spacing_tablet":0,"ocean_menu_typo_spacing_mobile":0,"ocean_menu_typo_spacing_unit":"","ocean_menu_link_color":"","ocean_menu_link_color_hover":"","ocean_menu_link_color_active":"","ocean_menu_link_background":"","ocean_menu_link_hover_background":"","ocean_menu_link_active_background":"","ocean_menu_social_links_bg":"","ocean_menu_social_hover_links_bg":"","ocean_menu_social_links_color":"","ocean_menu_social_hover_links_color":"","ocean_disable_title":"default","ocean_disable_heading":"default","ocean_post_title":"","ocean_post_subheading":"","ocean_post_title_style":"","ocean_post_title_background_color":"","ocean_post_title_background":0,"ocean_post_title_bg_image_position":"","ocean_post_title_bg_image_attachment":"","ocean_post_title_bg_image_repeat":"","ocean_post_title_bg_image_size":"","ocean_post_title_height":0,"ocean_post_title_bg_overlay":0.5,"ocean_post_title_bg_overlay_color":"","ocean_disable_breadcrumbs":"default","ocean_breadcrumbs_color":"","ocean_breadcrumbs_separator_color":"","ocean_breadcrumbs_links_color":"","ocean_breadcrumbs_links_hover_color":"","ocean_display_footer_widgets":"default","ocean_display_footer_bottom":"default","ocean_custom_footer_template":"","ocean_post_oembed":"","ocean_post_self_hosted_media":"","ocean_post_video_embed":"","ocean_link_format":"","ocean_link_format_target":"self","ocean_quote_format":"","ocean_quote_format_link":"post","ocean_gallery_link_images":"on","ocean_gallery_id":[],"footnotes":""},"categories":[38],"tags":[29],"class_list":["post-241","post","type-post","status-publish","format-standard","has-post-thumbnail","hentry","category-meu-diario","tag-meu-diario","entry","has-media"],"_links":{"self":[{"href":"https:\/\/luanabeatriz.art\/blog\/wp-json\/wp\/v2\/posts\/241","targetHints":{"allow":["GET"]}}],"collection":[{"href":"https:\/\/luanabeatriz.art\/blog\/wp-json\/wp\/v2\/posts"}],"about":[{"href":"https:\/\/luanabeatriz.art\/blog\/wp-json\/wp\/v2\/types\/post"}],"author":[{"embeddable":true,"href":"https:\/\/luanabeatriz.art\/blog\/wp-json\/wp\/v2\/users\/2"}],"replies":[{"embeddable":true,"href":"https:\/\/luanabeatriz.art\/blog\/wp-json\/wp\/v2\/comments?post=241"}],"version-history":[{"count":1,"href":"https:\/\/luanabeatriz.art\/blog\/wp-json\/wp\/v2\/posts\/241\/revisions"}],"predecessor-version":[{"id":842,"href":"https:\/\/luanabeatriz.art\/blog\/wp-json\/wp\/v2\/posts\/241\/revisions\/842"}],"wp:featuredmedia":[{"embeddable":true,"href":"https:\/\/luanabeatriz.art\/blog\/wp-json\/wp\/v2\/media\/843"}],"wp:attachment":[{"href":"https:\/\/luanabeatriz.art\/blog\/wp-json\/wp\/v2\/media?parent=241"}],"wp:term":[{"taxonomy":"category","embeddable":true,"href":"https:\/\/luanabeatriz.art\/blog\/wp-json\/wp\/v2\/categories?post=241"},{"taxonomy":"post_tag","embeddable":true,"href":"https:\/\/luanabeatriz.art\/blog\/wp-json\/wp\/v2\/tags?post=241"}],"curies":[{"name":"wp","href":"https:\/\/api.w.org\/{rel}","templated":true}]}}