{"id":236,"date":"2009-12-15T08:07:00","date_gmt":"2009-12-15T10:07:00","guid":{"rendered":"https:\/\/luanabeatriz.art\/blog\/pare-de-assustar-e-entenda-sobre-a-farsa-de-2012\/"},"modified":"2025-07-28T21:18:40","modified_gmt":"2025-07-29T00:18:40","slug":"pare-de-assustar-e-entenda-sobre-a-farsa-de-2012","status":"publish","type":"post","link":"https:\/\/luanabeatriz.art\/blog\/pare-de-assustar-e-entenda-sobre-a-farsa-de-2012\/","title":{"rendered":"Pare de assustar e entenda sobre a farsa de 2012"},"content":{"rendered":"<p>Durante quase todos os per\u00edodos hist\u00f3ricos, a humanidade sempre est\u00e1 diante de um suposto \u201cFim dos Tempos\u201d, \u201cApocalipse\u201d, \u201cArmageddon\u201d, \u201cRagnarok\u201d, \u201cBug do Mil\u00eanio\u201d ou coisa que o valha. Desde que Jo\u00e3o escreveu seu tratado sobre a Kabbalah (cada um dos 22 cap\u00edtulos do Livro das revela\u00e7\u00f5es fala sobre um dos aspectos de cada Caminho da \u00c1rvore da Kabbalah), os religiosos aproveitam a onda do \u201cfim do mundo\u201d para faturar uns trocados nos d\u00edzimos e prote\u00e7\u00f5es da vida.<br \/>\nPor volta da d\u00e9cada de 80, chegou a vez do movimento dos picaretas New Age faturarem uns trocados com a id\u00e9ia do fim do mundo.<br \/>\nAfinal de contas, o que acontecer\u00e1 dia 21 do 12 de 2012?<\/p>\n<p>O livro do Apocalipse (chamado tamb\u00e9m Apocalipse de S\u00e3o Jo\u00e3o, pelos cat\u00f3licos e ortodoxos, e Apocalipse de Jo\u00e3o, pelos protestantes, ou ainda Revela\u00e7\u00e3o a Jo\u00e3o) \u00e9 um livro da B\u00edblia \u2014o \u00faltimo da sele\u00e7\u00e3o \u201coficial\u201d da galera de Constantino.<br \/>\nA palavra apocalipse, do grego \u03b1\u03c0\u03bf\u03ba\u03ac\u03bb\u03c5\u03c8\u03b9\u03c2 (termo primeiramente usado por F. L\u00fccke em 1832) e significa, em grego, \u201cRevela\u00e7\u00e3o\u201d. Um \u201capocalipse\u201d, na terminologia do juda\u00edsmo e do cristianismo, \u00e9 a revela\u00e7\u00e3o divina de coisas que at\u00e9 ent\u00e3o permaneciam secretas a um profeta escolhido por Deus. Por extens\u00e3o, passou-se a designar de \u201capocalipse\u201d aos relatos escritos dessas revela\u00e7\u00f5es. Ou seja, NADA de \u201cFim do Mundo\u201d.<br \/>\nDevido ao fato de, na maioria das b\u00edblias em l\u00edngua portuguesa se usar o t\u00edtulo \u201cApocalipse\u201d e n\u00e3o \u201cRevela\u00e7\u00e3o\u201d, at\u00e9 o significado da palavra ficou todo deturpado, sendo \u00e0s vezes usado como sin\u00f4nimo (err\u00f4neo) de \u201cfim do mundo\u201d.<\/p>\n<p><a name='more'><\/a><br \/>\nPara os crist\u00e3os, o livro possui a pr\u00e9-vis\u00e3o dos \u00faltimos acontecimentos antes, durante e ap\u00f3s o retorno do Messias de Deus. Alguns Protestantes e Cat\u00f3licos entendem que os acontecimentos previstos no livro j\u00e1 teriam come\u00e7ado. Outros acham que tudo acontecer\u00e1 ao p\u00e9 da letra, com direito a drag\u00f5es de sete cabe\u00e7as voando pelas cidades tur\u00edsticas do globo e cristitas sendo abduzidos no meio da rua (\u201cArrebatamento\u201d).<br \/>\n<img decoding=\"async\" align=\"right\" hspace=\"10\" src=\"http:\/\/www.sedentario.org\/wp-content\/uploads\/2009\/09\/terremoto.jpg\" \/>A literatura apocal\u00edptica tem uma import\u00e2ncia consider\u00e1vel na hist\u00f3ria da tradi\u00e7\u00e3o judaico-crist\u00e3-isl\u00e2mica, ao veicular cren\u00e7as como a ressurrei\u00e7\u00e3o dos mortos, o dia do Ju\u00edzo Final, o c\u00e9u, o inferno e outras que s\u00e3o ali referidas de forma mais ou menos expl\u00edcita. Algumas pessoas defendem que o fato de v\u00e1rias civiliza\u00e7\u00f5es no mundo terem apresentado narra\u00e7\u00f5es apocal\u00edpticas sugere que estas t\u00eam uma origem comum e ancestral (supostamente revelada ao homem por um ser dotado de intelig\u00eancia superior, entre outras teorias) que foi sendo deturpada pela transmiss\u00e3o oral. Esta vis\u00e3o assume, por vezes, um car\u00e1cter ecol\u00f3gico, ao propor que a mensagem do apocalipse se refere \u00e0 capacidade que o homem civilizado tem para destruir o mundo.<br \/>\nEst\u00e3o certos em parte. O car\u00e1ter do texto realmente \u00e9 Simb\u00f3lico, mas apenas trata da evolu\u00e7\u00e3o do Homem em rela\u00e7\u00e3o ao pr\u00f3prio Interior do Homem. S\u00e3o passagens alqu\u00edmicas que simbolizam os est\u00e1gios de aperfei\u00e7oamento do ser humano dentro das sete virtudes, culminando com a derrota de seus pr\u00f3prios dem\u00f4nios internos.<\/p>\n<p><b>Mas e 2012?<\/b><br \/>\nAgora as expectativas se voltam para 2012. Sim, eis o pr\u00f3ximo fim-do-mundo! Por qu\u00ea 2012? Por que foi escolhido pelos m\u00edsticos americanos, oras! Desta vez \u00e9 o famoso movimento New Age (ou como diria o Cartman, dos \u201cHippies fedidos\u201d) que profetiza o final dos tempos. Eles se baseiam agora no calend\u00e1rio de Contagem Longa dos maias. Ou melhor, se baseiam num suposto fim do calend\u00e1rio maia. <\/p>\n<p><b>Os Calend\u00e1rios Maias<\/b><br \/>\nOs maias, a bem da verdade, usavam tr\u00eas calend\u00e1rios diferentes e inter-relacionados, todos organizados como hierarquias de ciclos de dias, com v\u00e1rias dura\u00e7\u00f5es. A Contagem Longa era o principal calend\u00e1rio para fins hist\u00f3ricos. O Haab era o calend\u00e1rio civil, e o Tzolkin, o religioso. Todos os calend\u00e1rios maias s\u00e3o baseados apenas na contagem serial de dias, ou seja, n\u00e3o s\u00e3o calend\u00e1rios sincronizados ao Sol ou \u00e0 Lua, como o nosso calend\u00e1rio. Apesar disso, tanto a Longa Contagem quanto o Haab cont\u00e9m ciclos de 360 e 365, respectivamente, valores muito pr\u00f3ximos do n\u00famero de dias do ano solar. Por basear-se apenas na contagem dos dias, a Longa Contagem \u00e9 muito parecida com o sistema de dias julianos e outras representa\u00e7\u00f5es modernas de datas e tempo. Tamb\u00e9m \u00e9 interessante notar que tal calend\u00e1rio conta a partir do zero. Ou seja, mesmo antes dos hindus, os maias foram o primeiro povo a usar o zero. <\/p>\n<p>Vamos organizar uma tabela com os ciclos do calend\u00e1rio Maia:<\/p>\n<p>\nKin \u2013 Equivale a 1 dia<br \/>\nUinal \u2013 Equivale a 20 Kins (20 dias)<br \/>\nTun \u2013 Equivale a 18 Uinal (360 dias \/ 1 ano aprox.)<br \/>\nKatun \u2013 Equivale a 20 Tun (7.200 dias \/ 19,7 anos)<br \/>\nBaktun \u2013 Equivale a 20 Katun (144.000 dias \/ 394,3 anos)<br \/>\nPictun \u2013 Equivale a 20 Baktun (2.880.000 dias \/ 7.885 anos)<br \/>\nCalabtun \u2013 Equivale a 20 Pictun (57.600.000 dias \/ 157.704 anos)<br \/>\nKinchiltun \u2013 Equivale a 20 Calabtun (1.152.000.000 dias \/ 3.154.071)<br \/>\nAlautun \u2013 Equivale a 20 Kinchiltun (23.040.000.000 dias \/ 63.081.429 anos)<\/p>\n<p>\n<img fetchpriority=\"high\" decoding=\"async\" alt=\"maya\" class=\"alignnone size-full wp-image-19231\" height=\"400\" src=\"http:\/\/www.sedentario.org\/wp-content\/uploads\/2009\/09\/maya.jpg\" title=\"maya\" width=\"402\" \/><\/p>\n<p>\nA <b>Longa Contagem<\/b> \u00e9 organizada de acordo com a hierarquia de ciclos mostrados acima. Cada ciclo \u00e9 composto de 20 unidades do ciclo anterior, com exce\u00e7\u00e3o do tun, que \u00e9 composto de 18 uinal de 20 dias cada. Isso resulta num tun de 360 dias, o que \u00e9 uma boa aproxima\u00e7\u00e3o com o ano solar, tendo em vista que outros povos antigos, como os romanos, usavam um calend\u00e1rio exclusivamente baseado no ciclo solar, com 360 dias. <\/p>\n<p>Os Maias acreditavam que, ao fim de cada ciclo <b>Pictun<\/b>, equivalente a 7.885 anos, o universo seria destru\u00eddo e recriado. Esta \u00e9 a verdadeira profecia maia. Infelizmente (ou felizmente), este ciclo s\u00f3 acabar\u00e1 em 12 de outubro de 4772.<\/p>\n<p>\nPor outro lado, 2012 vai ser MESMO um ano de mudan\u00e7a no calend\u00e1rio maia e \u00e9 nisso que se baseiam as presentes previs\u00f5es reptilianas. Para os adeptos da teoria dos \u201cmaias engenheiros dimensionais do tempo\u201d de plant\u00e3o, o fim do mundo chegar\u00e1 em 21 de dezembro de 2012. Mas se convertermos esta data para o calend\u00e1rio maia de Longa Contagem, obteremos o seguinte resultado: 13.0.0.0.0. Isso significa que esse ser\u00e1 apenas o in\u00edcio do 13\u00ba ciclo <b>Baktun<\/b>. Seria o equivalente ao in\u00edcio do s\u00e9culo 13 para os maias, enquanto n\u00f3s j\u00e1 estamos, de acordo com nossa contagem, no s\u00e9culo 21 (o 12\u00ba ciclo Baktun come\u00e7ou em 18 de Setembro de 1618). Isso tudo acontece apenas por que s\u00e3o meios diferentes de contar o tempo, que al\u00e9m disso come\u00e7aram a ser contados em \u00e9pocas distintas.<br \/>\nEnt\u00e3o, da mesma maneira que o mundo n\u00e3o acaba em 31 de Dezembro, o mundo n\u00e3o acabar\u00e1 dia 21\/12\/2012. Simples assim\u2026<\/p>\n<p>Mas, ent\u00e3o, por qu\u00ea 21 de dezembro de 2012 foi escolhido pelos m\u00edsticos, esquisot\u00e9ricos e charlat\u00f5es? A resposta \u00e9 simples e \u00f3bvia; uma soma de dois fatores:<br \/>\n1) supersti\u00e7\u00e3o. Como vimos, essa data corresponde a 13.0.0.0.0. O que est\u00e1 acontecendo com o pessoal da New Age \u00e9 o velho medo do n\u00famero 13. S\u00f3 isso.<br \/>\n2) O povo picareta quer ganhar dinheiro. Ningu\u00e9m ficaria assustado e compraria os livros best-sellers se o \u201cfim do mundo\u201d fosse em 4772\u2026 est\u00e1 muito distante\u2026<\/p>\n<p>A \u00fanica vantagem \u00e9 que conseguiremos expulsar todos os hippies fedidos malucos das cidades pr\u00f3ximas da praia. Nunca mais teremos de ouvir aquelas musiquinhas peruanas no centro da cidade. Eles se refugiar\u00e3o pr\u00f3ximos \u00e0 regi\u00e3o de Bras\u00edlia e S\u00e3o Thom\u00e9 das Letras (eu s\u00f3 fico triste pelos meus leitores do Distrito Federal, que ter\u00e3o de ag\u00fcentar esse povo)\u2026<\/p>\n<p>Como curiosidade, quem quiser calcular sua data de nascimento no calend\u00e1rio Maia pode acessar este site:<br \/>\n<a href=\"http:\/\/users.hartwick.edu\/hartleyc\/mayacalendar\/mayacalendar.html\" target=\"_blank\">http:\/\/users.hartwick.edu\/hartleyc\/mayacalendar\/mayacalendar.html<\/a><\/p>\n<div style=\"color: black;\"><b>O calend\u00e1rio Maia <i>n\u00e3o<\/i> termina em Dezembro de 2012<\/b><\/p>\n<p>Assim como o calend\u00e1rio que n\u00f3s temos na parede de nossas cozinhas e que n\u00e3o cessa no dia 31 de dezembro, o <a href=\"http:\/\/eternosaprendizes.com\/2009\/01\/26\/2012-nao-havera-juizo-final\/\" target=\"_blank\">calend\u00e1rio Maia<\/a> tamb\u00e9m n\u00e3o termina em 21 de dezembro de <a href=\"http:\/\/eternosaprendizes.com\/2009\/11\/12\/category\/2012\/\" target=\"_blank\">2012<\/a>. A data coincide simplesmente com o fim do per\u00edodo de \u2018contagem \u2013 longa\u2019 dos Maias, mas depois (da mesma forma que nossos calend\u00e1rios se reiniciam no dia 01 de janeiro) um novo per\u00edodo de \u2018contagem \u2013 longa\u2019 ir\u00e1 se iniciar para o calend\u00e1rio Maia.<\/p>\n<p><b><i>N\u00e3o<\/i> h\u00e1 previs\u00f5es de eventos astron\u00f4micos catastr\u00f3ficos em 2012<\/b><\/p>\n<p>O Sol possui uma atividade c\u00edclica com um per\u00edodo aproximado de 11 anos e a ocorr\u00eancia do ciclo de m\u00e1ximo solar est\u00e1 prevista para ocorrer iniciando no per\u00edodo de 2010 a 2012. Entretanto, rotineiramente, a <a href=\"http:\/\/eternosaprendizes.com\/2009\/02\/11\/2012-nao-havera-tempestade-solar-assassina\/\" target=\"_blank\">Terra pode enfrentar alguns per\u00edodos de intensa atividade solar<\/a>, por eras, sem sofrer efeitos catastr\u00f3ficos. O campo magn\u00e9tico terrestre, que desvia as part\u00edculas i\u00f4nicas carregadas emitidas pelo Sol de fato <a href=\"http:\/\/eternosaprendizes.com\/2009\/02\/03\/2012-nao-havera-inversao-dos-polos-magneticos-da-terra\/\" target=\"_blank\">pode sofrer revers\u00f5es em seus p\u00f3los a cada 400.000 anos<\/a>, mas n\u00e3o existe qualquer evid\u00eancia que uma revers\u00e3o, que toma <b>milhares<\/b> de anos para se concretizar ir\u00e1 iniciar-se em <a href=\"http:\/\/eternosaprendizes.com\/2009\/11\/12\/category\/2012\/\" target=\"_blank\">2012<\/a>. Mesmo que um processo de revers\u00e3o de milhares de anos estivesse hipoteticamente para ocorrer (n\u00e3o est\u00e1!), tal jamais iria afetar a rota\u00e7\u00e3o da Terra nem tampouco a dire\u00e7\u00e3o do eixo de rota\u00e7\u00e3o terrestre. S\u00f3 mesmo o Super-Homem conseguiria fazer isso!<\/p>\n<p><b>Os \u00fanicos empurr\u00f5es gravitacionais que a Terra experimenta s\u00e3o provocados pela Lua e pelo Sol<\/b><br \/>\nN\u00e3o h\u00e1 alinhamentos planet\u00e1rios previstos para as pr\u00f3ximas d\u00e9cadas. A Terra n\u00e3o ir\u00e1 cruzar o plano do disco da gal\u00e1xia em <a href=\"http:\/\/eternosaprendizes.com\/2009\/11\/12\/category\/2012\/\" target=\"_blank\">2012<\/a> e mesmo se tais alinhamentos porventura ocorressem, os efeitos na Terra seriam absolutamente desprez\u00edveis. No m\u00eas de dezembro, em todos os anos, a Terra e o Sol se alinham de forma aproximada do centro da nossa gal\u00e1xia, a Via L\u00e1ctea. O \u2018<a href=\"http:\/\/eternosaprendizes.com\/2009\/02\/20\/2012-universe-today\/\" target=\"_blank\">alinhamento gal\u00e1ctico<\/a>\u2019 \u00e9 um evento comum que ocorre todos os anos, que n\u00e3o traz nenhum impacto em nosso planeta.<\/p>\n<p><b><i>N\u00e3o<\/i> haver\u00e1 Planeta X<\/b>\n<\/div>\n<div style=\"color: black;\">H\u00e1 muita \u00eanfase na \u201calegada descoberta\u201d em 1983 que destaca um misterioso corpo celeste detectado pelo \u201c<a href=\"http:\/\/irsa.ipac.caltech.edu\/IRASdocs\/iras.html\">Infrared Astronomical Satellite<\/a>\u201d da NASA (IRAS) nos confins do Sistema Solar, a aproximadamente 540 UA de dist\u00e2ncia do Sol. Naturalmente, na ocasi\u00e3o, as m\u00eddias de comunica\u00e7\u00e3o de todo o mundo ficaram entusiasmadas por tal descoberta e come\u00e7aram a gerar rumores, espalhando que talvez esse objeto seja o procurado Planeta X. Na realidade, os astr\u00f4nomos n\u00e3o estavam confiantes de que era realmente o misterioso corpo infravermelho (a pista est\u00e1 na palavra \u201cmisterioso\u201d). Os informes originais das m\u00eddias postulavam que poderia ser um cometa de longo per\u00edodo, ou um planeta, ou uma gal\u00e1xia jovem, ou uma proto-estrela (ou uma <a href=\"http:\/\/pt.wikipedia.org\/wiki\/An%C3%A3_marrom\" target=\"_blank\">an\u00e3 marrom<\/a>). T\u00e3o logo que se mencionou a \u00faltima possibilidade, tal rumor se converteu na \u201cdescoberta\u201d de que o Planeta X era na realidade uma an\u00e3 marrom que orbitava nos confins mais distantes do Sistema Solar.<\/p>\n<p>Quando se publicaram posteriores artigos em 1985 (\u201d<a href=\"http:\/\/articles.adsabs.harvard.edu\/cgi-bin\/nph-iarticle_query?1985ApJ...290L...5H&amp;data_type=PDF_HIGH&amp;whole_paper=YES&amp;type=PRINTER&amp;filetype=.pdf\" target=\"_blank\">Unidentified IRAS sources \u2013 Ultrahigh-luminosity galaxies<\/a>\u201d, Houck et al., 1985) e 1987 (<a href=\"http:\/\/adsabs.harvard.edu\/abs\/1987ARA%26A..25..187S\" target=\"_blank\">The IRAS View of the Extragalactic Sky<\/a>, Soifer et o., 1987), j\u00e1 haviam bem poucos interessados em seus argumentos esclarecedores. De acordo com estas novas publica\u00e7\u00f5es, a maioria das observa\u00e7\u00f5es do IRAS no artigo de 1984 eram na realidade jovens gal\u00e1xias ultra-luminosas e uma delas era uma estrutura filamentosa conhecida como \u201ccirrus infravermelho\u201d flutuando no espa\u00e7o intergal\u00e1ctico. <b>O IRAS, de fato, nunca observou<\/b> nenhum corpo astron\u00f4mico nos confins do Sistema Solar.<\/p>\n<div style=\"color: black; text-align: center;\"><img decoding=\"async\" alt=\"2012-evidencia-no-google-sky_\" class=\"size-full wp-image-21745 aligncenter\" height=\"337\" src=\"http:\/\/www.sedentario.org\/wp-content\/uploads\/2009\/11\/2012-evidencia-no-google-sky_.jpg\" title=\"2012-evidencia-no-google-sky_\" width=\"337\" \/>\n<\/div>\n<div style=\"color: black;\"><b>O Google <i>n\u00e3o<\/i> escondeu o planeta X, ou \u201cNibiru\u201d, ou um enorme cometa com um terr\u00edvel ret\u00e2ngulo negro.<\/b>\n<\/div>\n<div style=\"color: black;\">Se voc\u00ea tem instalado o <a href=\"http:\/\/www.google.com\/earth\/\" target=\"_blank\">Google Earth<\/a> em teu computador pessoal, voc\u00ea ganhou a capacidade de olhar \u201cacima\u201d tamb\u00e9m, n\u00e3o s\u00f3 para a superf\u00edcie da Terra. Mudando o software para observar o c\u00e9u noturno, podemos ver as constela\u00e7\u00f5es e o programa nos guiar\u00e1 em uma deslumbrante viagem pelo o universo observ\u00e1vel. Apesar desta sobrecarga de informa\u00e7\u00e3o, o Google estaria escondendo algo de n\u00f3s? Esta organiza\u00e7\u00e3o baseada em um descomunal motor de busca est\u00e1 tentando ativamente ocultar-nos as observa\u00e7\u00f5es de um cometa que se dirige para n\u00f3s?\n<\/div>\n<div style=\"color: black;\">Oriente o Google Earth para RA:5h 54m 00s, Dec: -6\u00b0 00\u2032 00\u2033 e execute o zoom. Se voc\u00ea n\u00e3o tem o Google Earth, esta regi\u00e3o pode tamb\u00e9m ser encontrada na <a href=\"http:\/\/www.google.com\/sky\/#latitude=-6.023116509238178&amp;longitude=-91.4886474609375&amp;zoom=9&amp;Spitzer=0.00&amp;ChandraXO=0.00&amp;Galex=0.00&amp;IRAS=0.00&amp;WMAP=0.00&amp;Cassini=0.00&amp;slide=1&amp;mI=-1&amp;oI=-1\" target=\"_blank\">vers\u00e3o on-line do Google Sky<\/a>. Voc\u00ea ver\u00e1 ent\u00e3o um espa\u00e7o vazio retangular (tamb\u00e9m conhecido como a \u201cAnomalia de Google\u201d nas imagens celestes), justamente ao lado da Nebulosa de Orion, ao sul do Cintur\u00e3o de Orion.\n<\/div>\n<div style=\"color: black;\">Nota: a constela\u00e7\u00e3o de Ori\u00f3n e conseq\u00fcentemente a \u201cAnomalia de Google\u201d est\u00e3o em uma posi\u00e7\u00e3o muito consp\u00edcua do c\u00e9u noturno, <a href=\"http:\/\/astronomyspace.suite101.com\/article.cfm\/observing_orion\" target=\"_blank\">observ\u00e1vel com facilidade nos hemisf\u00e9rios norte e sul<\/a> .\n<\/div>\n<div style=\"color: black;\">Este vazio \u00e9 s\u00f3 aparente ao observarmos os dados \u00f3ticos. Se voc\u00ea alternar o conjunto de dados para o estudo de microondas realizado pela Sonda de Anisotropia de Microondas Wilkinson (WMAP) encontrar\u00e1 este vazio preenchido com dados.\n<\/div>\n<div style=\"color: black;\">Da mesma forma, os dados infravermelhos tamb\u00e9m cobrem essa regi\u00e3o bastante bem, como podemos observar na imagem abaixo:\n<\/div>\n<div style=\"color: black; text-align: center;\"><a href=\"http:\/\/www.sedentario.org\/wp-content\/uploads\/2009\/11\/2012-google-sky-720x203.jpg\"><img decoding=\"async\" alt=\"2012-google-sky-720x203\" class=\"size-medium wp-image-21746 aligncenter\" height=\"84\" src=\"http:\/\/www.sedentario.org\/wp-content\/uploads\/2009\/11\/2012-google-sky-720x203-300x84.jpg\" title=\"2012-google-sky-720x203\" width=\"300\" \/><\/a>\n<\/div>\n<div style=\"color: black;\">A verdade \u00e9 que a teoria de a conspira\u00e7\u00e3o sobre o Planeta X \u00e9 err\u00f4nea, mas a teoria do cometa de 2012 \u00e9 ainda pior. As possibilidades de que um grande planeta passe atrav\u00e9s do Sistema Solar interior em 2012 s\u00e3o as mesmas de as de um impacto comet\u00e1rio nessa data: nenhuma.\n<\/div>\n<div style=\"color: black;\">\n<\/div>\n<div style=\"color: black;\"><b>As previs\u00f5es sobre o fim-do-mundo ou mudan\u00e7as dram\u00e1ticas a ocorrer em 21 de dezembro de 2012 s\u00e3o <i>todas<\/i> falsas.<\/b>\n<\/div>\n<div style=\"color: black;\">Falsas ou incorretas previs\u00f5es de \u2018fim-do-mundo\u2019 j\u00e1 foram antevistas diversas vezes nos \u00faltimos s\u00e9culos na hist\u00f3ria humana. Os leitores devem ter sempre em mente, como disse <b>Carl Sagan<\/b>, que \u201calega\u00e7\u00f5es extraordin\u00e1rias sempre precisam de evid\u00eancias extraordin\u00e1rias\u201d para apoi\u00e1-las.\n<\/div>\n<div style=\"color: black;\">N\u00e3o podemos prever o futuro, e nenhuma profecia antiga jamais apontar\u00e1 a exist\u00eancia de um cen\u00e1rio astron\u00f4mico moderno de \u201cfim do mundo\u201d. Estou seguro que 2012 ser\u00e1 um ano significativo por raz\u00f5es espirituais e religiosas, n\u00e3o estou debatendo isso. N\u00e3o obstante, que os apocal\u00edpticos usem a ci\u00eancia moderna para demonstrar suas cria\u00e7\u00f5es apocal\u00edpticas imprecisas para seu lucro pessoal n\u00e3o s\u00f3 \u00e9 somente irrespons\u00e1vel, mas tamb\u00e9m danoso para a nossa sociedade.\n<\/div>\n<div style=\"color: black;\">\n<\/div>\n<p>Voc\u00ea confere as fontes e muito mais detalhes atualizados sobre os fatos genu\u00ednos e aut\u00eanticos a respeito de 2012 no excelente <a href=\"http:\/\/eternosaprendizes.com\/tag\/2012\/\" target=\"_blank\"><b>Eternos Aprendizes<\/b><\/a> e <b><a href=\"http:\/\/www.sedentario.org\/\">Sedent\u00e1rio<\/a><\/b>. <\/p>\n<div style=\"color: black;\">\n<\/div>\n<\/div>\n","protected":false},"excerpt":{"rendered":"<p>Durante quase todos os per\u00edodos hist\u00f3ricos, a humanidade sempre est\u00e1 diante de um suposto \u201cFim dos Tempos\u201d, \u201cApocalipse\u201d, \u201cArmageddon\u201d, \u201cRagnarok\u201d, \u201cBug do Mil\u00eanio\u201d ou coisa que o valha. Desde que Jo\u00e3o escreveu seu tratado sobre a Kabbalah (cada um dos 22 cap\u00edtulos do Livro das revela\u00e7\u00f5es fala sobre um dos aspectos de cada Caminho da \u00c1rvore da Kabbalah), os religiosos aproveitam a onda do \u201cfim do mundo\u201d para faturar uns trocados nos d\u00edzimos e prote\u00e7\u00f5es da vida. Por volta da d\u00e9cada de 80, chegou a vez do movimento dos picaretas New Age faturarem uns trocados com a id\u00e9ia do fim do mundo. Afinal de contas, o que acontecer\u00e1 dia 21 do 12 de 2012? O livro do Apocalipse (chamado tamb\u00e9m Apocalipse de S\u00e3o Jo\u00e3o, pelos cat\u00f3licos e ortodoxos, e Apocalipse de Jo\u00e3o, pelos protestantes, ou ainda Revela\u00e7\u00e3o a Jo\u00e3o) \u00e9 um livro da B\u00edblia \u2014o \u00faltimo da sele\u00e7\u00e3o \u201coficial\u201d da galera de Constantino. A palavra apocalipse, do grego \u03b1\u03c0\u03bf\u03ba\u03ac\u03bb\u03c5\u03c8\u03b9\u03c2 (termo primeiramente usado por F. L\u00fccke em 1832) e significa, em grego, \u201cRevela\u00e7\u00e3o\u201d. Um \u201capocalipse\u201d, na terminologia do juda\u00edsmo e do cristianismo, \u00e9 a revela\u00e7\u00e3o divina de coisas que at\u00e9 ent\u00e3o permaneciam secretas a um profeta escolhido por Deus. Por extens\u00e3o, passou-se a designar de \u201capocalipse\u201d aos relatos escritos dessas revela\u00e7\u00f5es. Ou seja, NADA de \u201cFim do Mundo\u201d. Devido ao fato&#8230;<\/p>\n","protected":false},"author":2,"featured_media":661,"comment_status":"open","ping_status":"closed","sticky":false,"template":"","format":"standard","meta":{"ocean_post_layout":"","ocean_both_sidebars_style":"","ocean_both_sidebars_content_width":0,"ocean_both_sidebars_sidebars_width":0,"ocean_sidebar":"","ocean_second_sidebar":"","ocean_disable_margins":"enable","ocean_add_body_class":"","ocean_shortcode_before_top_bar":"","ocean_shortcode_after_top_bar":"","ocean_shortcode_before_header":"","ocean_shortcode_after_header":"","ocean_has_shortcode":"","ocean_shortcode_after_title":"","ocean_shortcode_before_footer_widgets":"","ocean_shortcode_after_footer_widgets":"","ocean_shortcode_before_footer_bottom":"","ocean_shortcode_after_footer_bottom":"","ocean_display_top_bar":"default","ocean_display_header":"default","ocean_header_style":"","ocean_center_header_left_menu":"","ocean_custom_header_template":"","ocean_custom_logo":0,"ocean_custom_retina_logo":0,"ocean_custom_logo_max_width":0,"ocean_custom_logo_tablet_max_width":0,"ocean_custom_logo_mobile_max_width":0,"ocean_custom_logo_max_height":0,"ocean_custom_logo_tablet_max_height":0,"ocean_custom_logo_mobile_max_height":0,"ocean_header_custom_menu":"","ocean_menu_typo_font_family":"","ocean_menu_typo_font_subset":"","ocean_menu_typo_font_size":0,"ocean_menu_typo_font_size_tablet":0,"ocean_menu_typo_font_size_mobile":0,"ocean_menu_typo_font_size_unit":"px","ocean_menu_typo_font_weight":"","ocean_menu_typo_font_weight_tablet":"","ocean_menu_typo_font_weight_mobile":"","ocean_menu_typo_transform":"","ocean_menu_typo_transform_tablet":"","ocean_menu_typo_transform_mobile":"","ocean_menu_typo_line_height":0,"ocean_menu_typo_line_height_tablet":0,"ocean_menu_typo_line_height_mobile":0,"ocean_menu_typo_line_height_unit":"","ocean_menu_typo_spacing":0,"ocean_menu_typo_spacing_tablet":0,"ocean_menu_typo_spacing_mobile":0,"ocean_menu_typo_spacing_unit":"","ocean_menu_link_color":"","ocean_menu_link_color_hover":"","ocean_menu_link_color_active":"","ocean_menu_link_background":"","ocean_menu_link_hover_background":"","ocean_menu_link_active_background":"","ocean_menu_social_links_bg":"","ocean_menu_social_hover_links_bg":"","ocean_menu_social_links_color":"","ocean_menu_social_hover_links_color":"","ocean_disable_title":"default","ocean_disable_heading":"default","ocean_post_title":"","ocean_post_subheading":"","ocean_post_title_style":"","ocean_post_title_background_color":"","ocean_post_title_background":0,"ocean_post_title_bg_image_position":"","ocean_post_title_bg_image_attachment":"","ocean_post_title_bg_image_repeat":"","ocean_post_title_bg_image_size":"","ocean_post_title_height":0,"ocean_post_title_bg_overlay":0.5,"ocean_post_title_bg_overlay_color":"","ocean_disable_breadcrumbs":"default","ocean_breadcrumbs_color":"","ocean_breadcrumbs_separator_color":"","ocean_breadcrumbs_links_color":"","ocean_breadcrumbs_links_hover_color":"","ocean_display_footer_widgets":"default","ocean_display_footer_bottom":"default","ocean_custom_footer_template":"","ocean_post_oembed":"","ocean_post_self_hosted_media":"","ocean_post_video_embed":"","ocean_link_format":"","ocean_link_format_target":"self","ocean_quote_format":"","ocean_quote_format_link":"post","ocean_gallery_link_images":"on","ocean_gallery_id":[],"footnotes":""},"categories":[35,36],"tags":[31],"class_list":["post-236","post","type-post","status-publish","format-standard","has-post-thumbnail","hentry","category-curiosidades","category-novidades","tag-novidades-curiosidades","entry","has-media"],"_links":{"self":[{"href":"https:\/\/luanabeatriz.art\/blog\/wp-json\/wp\/v2\/posts\/236","targetHints":{"allow":["GET"]}}],"collection":[{"href":"https:\/\/luanabeatriz.art\/blog\/wp-json\/wp\/v2\/posts"}],"about":[{"href":"https:\/\/luanabeatriz.art\/blog\/wp-json\/wp\/v2\/types\/post"}],"author":[{"embeddable":true,"href":"https:\/\/luanabeatriz.art\/blog\/wp-json\/wp\/v2\/users\/2"}],"replies":[{"embeddable":true,"href":"https:\/\/luanabeatriz.art\/blog\/wp-json\/wp\/v2\/comments?post=236"}],"version-history":[{"count":1,"href":"https:\/\/luanabeatriz.art\/blog\/wp-json\/wp\/v2\/posts\/236\/revisions"}],"predecessor-version":[{"id":837,"href":"https:\/\/luanabeatriz.art\/blog\/wp-json\/wp\/v2\/posts\/236\/revisions\/837"}],"wp:featuredmedia":[{"embeddable":true,"href":"https:\/\/luanabeatriz.art\/blog\/wp-json\/wp\/v2\/media\/661"}],"wp:attachment":[{"href":"https:\/\/luanabeatriz.art\/blog\/wp-json\/wp\/v2\/media?parent=236"}],"wp:term":[{"taxonomy":"category","embeddable":true,"href":"https:\/\/luanabeatriz.art\/blog\/wp-json\/wp\/v2\/categories?post=236"},{"taxonomy":"post_tag","embeddable":true,"href":"https:\/\/luanabeatriz.art\/blog\/wp-json\/wp\/v2\/tags?post=236"}],"curies":[{"name":"wp","href":"https:\/\/api.w.org\/{rel}","templated":true}]}}