{"id":226,"date":"2010-03-12T20:06:00","date_gmt":"2010-03-12T23:06:00","guid":{"rendered":"https:\/\/luanabeatriz.art\/blog\/escrevendo-sentimentos\/"},"modified":"2025-07-28T21:06:34","modified_gmt":"2025-07-29T00:06:34","slug":"escrevendo-sentimentos","status":"publish","type":"post","link":"https:\/\/luanabeatriz.art\/blog\/escrevendo-sentimentos\/","title":{"rendered":"Escrevendo sentimentos"},"content":{"rendered":"<div style=\"clear: both; text-align: center;\"><a href=\"https:\/\/blogger.googleusercontent.com\/img\/b\/R29vZ2xl\/AVvXsEiV9wAgkKj0GkQlDbRGhlCQuExwxKf7oB5VjbR-OaPFYHsKvlkVHU0FxPWM_xOp2m7Lax8ICQ7uzYaWAOc4gE7tn9JWYsXiHt6m9c5PyhuCgapNTsldFwd1kWcV9HeqsiIlyvEVI-3xa-A\/s1600-h\/meulivro.jpg\" style=\"clear: left; float: left; margin-bottom: 1em; margin-right: 1em;\"><img decoding=\"async\" border=\"0\" height=\"170\" src=\"https:\/\/blogger.googleusercontent.com\/img\/b\/R29vZ2xl\/AVvXsEiV9wAgkKj0GkQlDbRGhlCQuExwxKf7oB5VjbR-OaPFYHsKvlkVHU0FxPWM_xOp2m7Lax8ICQ7uzYaWAOc4gE7tn9JWYsXiHt6m9c5PyhuCgapNTsldFwd1kWcV9HeqsiIlyvEVI-3xa-A\/s200\/meulivro.jpg\" width=\"200\" \/><\/a><\/div>\n<p>Escrever \u00e9 a coisa que mais adoro nesse mundo. As palavras s\u00e3o m\u00e1gicas, elas s\u00e3o t\u00e3o importantes para mim, s\u00e3o um tesouro mais precioso que uma pessoa pode me oferecer. E eu escrevo, estou escrevendo um livro como voc\u00eas podem notar na imagem ao lado, essa \u00e9 uma capa modelo que eu mesma fiz. O livro &#8220;A luz e a obscuridade das trevas&#8221; narra a hist\u00f3ria de duas crian\u00e7as, dois pequenos seres que come\u00e7am a compartilhar suas vidas, e um passa a necessitar um do outro para viver. Por\u00e9m ambos seguem caminhos diferentes, e ao enfrentar a realidade e todos os defeitos, eles aprendem li\u00e7\u00f5es que n\u00e3o mudar\u00e1 apenas seu caminho, mas sim a sua verdadeira forma de viver e encarar a vida. \u00c9 uma hist\u00f3ria com que j\u00e1 passei, j\u00e1 senti e j\u00e1 aprendi. Um outro livro que ainda est\u00e1 em adamento, \u00e9 um livro sobre as minhas poesias. Que cada uma delas relata fatos, hist\u00f3rias e sentimentos sobre meu ser e meu pensamento. <br \/>\n<a name='more'><\/a>Existe um trecho de um livro que ganhei num anivers\u00e1rio de oito anos eu acho, o livro se chama &#8220;A menina que fez a am\u00e9rica&#8221; de Ilka Brunhilde Laurito; o trecho no come\u00e7o do livro eu j\u00e1 li e reli milh\u00f5es de vezes, inclusive eu at\u00e9 j\u00e1 apresentei na escola, pois trata-se de um texto bem reflexivo sobre a leitura e as coisas com que escrevemos, vou relatar o texto a voc\u00eas: &#8220;A minha hist\u00f3ria come\u00e7a muitos e muitos anos atr\u00e1s. Atr\u00e1s de onde?, podem me perguntar voc\u00eas. E eu responderei: atr\u00e1s de hoje. Ontem. Antes de anteontem. Longe, na minha mem\u00f3ria: l\u00e1 \u00e9 o tempo e o espa\u00e7o da minha hist\u00f3ria. Eu vou morrer um dia, porque tudo o que nasce tamb\u00e9m morre: bicho, planta, mulher, homem. Mas hist\u00f3rias podem durar depois de n\u00f3s. Basta que sejam postas em folhas de papel e que suas letras mortas sejam ressuscitadas por olhos que saibam ler. Por isso, aqui est\u00e1 para voc\u00eas o papel da minha hist\u00f3ria: uma hist\u00f3ria menina para as meninas-dos-seus-olhos. Vou contar&#8230;&#8221;. Esse \u00e9 o trecho que tanto li e reli. E atrav\u00e9z dele senti que escrever uma coisa sobre um papel \u00e9 a coisa mais preciosa do mundo. Pois bastam as minhas palavras serem ressuscitadas por olhos que saibam ler e elas viver\u00e3o at\u00e9 depois que eu j\u00e1 tiver em outra vida.<br \/>\nEncerro aqui com uma poesia:<\/p>\n<div style=\"text-align: center;\"><b>Escrevendo sentimentos<\/b><\/p>\n<p>\u00c1s vezes me deparo com um caderno<br \/>\nEscrevendo uma hist\u00f3ria, uma can\u00e7\u00e3o<br \/>\n\u00c1s vezes me distraio nos sentimentos<br \/>\nEscutando as vozes sinceras do cora\u00e7\u00e3o<\/p>\n<p>E esses dias me agarra desprevinidamente<br \/>\nVem como vento me surprendendo <br \/>\nMe faz arrepiar apaga meu sorriso<br \/>\nSinto um forte sentimento renascendo<\/p>\n<p>E eu apare\u00e7o com a folha de papel<br \/>\nSinceridade verdadeira vinda do cora\u00e7\u00e3o<br \/>\nPego a caneta e nela encho de palavras<br \/>\nQue explica o sentido dessa paix\u00e3o<\/p>\n<p>Quando o amor ataca nada destr\u00f3i<br \/>\nO destino apenas destaca esse amor<br \/>\nSomos v\u00edtimas desse sentimento<br \/>\nEnfrentando e sentindo o pudor<\/p>\n<p>E sobre o papel ainda escrevo<br \/>\nSempre irei escrever me expressar<br \/>\nPois os sentimentos jamais enganam<br \/>\nHist\u00f3rias sempre ensinam a amar<\/p>\n<p>Escrevendo sentimentos sempre estarei<br \/>\nOnde haja uma caneta e folha de papel<br \/>\nUm cora\u00e7\u00e3o sempre pulsando de amor<br \/>\nUmas lembran\u00e7as doces assim como mel<\/div>\n<div style=\"text-align: center;\">\n<\/div>\n<div style=\"text-align: center;\"><b>Por: Luana Beatriz de Jesus (Luh@)<\/b><\/div>\n","protected":false},"excerpt":{"rendered":"<p>Escrever \u00e9 a coisa que mais adoro nesse mundo. As palavras s\u00e3o m\u00e1gicas, elas s\u00e3o t\u00e3o importantes para mim, s\u00e3o um tesouro mais precioso que uma pessoa pode me oferecer. E eu escrevo, estou escrevendo um livro como voc\u00eas podem notar na imagem ao lado, essa \u00e9 uma capa modelo que eu mesma fiz. O livro &#8220;A luz e a obscuridade das trevas&#8221; narra a hist\u00f3ria de duas crian\u00e7as, dois pequenos seres que come\u00e7am a compartilhar suas vidas, e um passa a necessitar um do outro para viver. Por\u00e9m ambos seguem caminhos diferentes, e ao enfrentar a realidade e todos os defeitos, eles aprendem li\u00e7\u00f5es que n\u00e3o mudar\u00e1 apenas seu caminho, mas sim a sua verdadeira forma de viver e encarar a vida. \u00c9 uma hist\u00f3ria com que j\u00e1 passei, j\u00e1 senti e j\u00e1 aprendi. Um outro livro que ainda est\u00e1 em adamento, \u00e9 um livro sobre as minhas poesias. Que cada uma delas relata fatos, hist\u00f3rias e sentimentos sobre meu ser e meu pensamento. Existe um trecho de um livro que ganhei num anivers\u00e1rio de oito anos eu acho, o livro se chama &#8220;A menina que fez a am\u00e9rica&#8221; de Ilka Brunhilde Laurito; o trecho no come\u00e7o do livro eu j\u00e1 li e reli milh\u00f5es de vezes, inclusive eu at\u00e9 j\u00e1 apresentei na escola, pois trata-se de um texto&#8230;<\/p>\n","protected":false},"author":2,"featured_media":820,"comment_status":"open","ping_status":"closed","sticky":false,"template":"","format":"standard","meta":{"ocean_post_layout":"","ocean_both_sidebars_style":"","ocean_both_sidebars_content_width":0,"ocean_both_sidebars_sidebars_width":0,"ocean_sidebar":"","ocean_second_sidebar":"","ocean_disable_margins":"enable","ocean_add_body_class":"","ocean_shortcode_before_top_bar":"","ocean_shortcode_after_top_bar":"","ocean_shortcode_before_header":"","ocean_shortcode_after_header":"","ocean_has_shortcode":"","ocean_shortcode_after_title":"","ocean_shortcode_before_footer_widgets":"","ocean_shortcode_after_footer_widgets":"","ocean_shortcode_before_footer_bottom":"","ocean_shortcode_after_footer_bottom":"","ocean_display_top_bar":"default","ocean_display_header":"default","ocean_header_style":"","ocean_center_header_left_menu":"","ocean_custom_header_template":"","ocean_custom_logo":0,"ocean_custom_retina_logo":0,"ocean_custom_logo_max_width":0,"ocean_custom_logo_tablet_max_width":0,"ocean_custom_logo_mobile_max_width":0,"ocean_custom_logo_max_height":0,"ocean_custom_logo_tablet_max_height":0,"ocean_custom_logo_mobile_max_height":0,"ocean_header_custom_menu":"","ocean_menu_typo_font_family":"","ocean_menu_typo_font_subset":"","ocean_menu_typo_font_size":0,"ocean_menu_typo_font_size_tablet":0,"ocean_menu_typo_font_size_mobile":0,"ocean_menu_typo_font_size_unit":"px","ocean_menu_typo_font_weight":"","ocean_menu_typo_font_weight_tablet":"","ocean_menu_typo_font_weight_mobile":"","ocean_menu_typo_transform":"","ocean_menu_typo_transform_tablet":"","ocean_menu_typo_transform_mobile":"","ocean_menu_typo_line_height":0,"ocean_menu_typo_line_height_tablet":0,"ocean_menu_typo_line_height_mobile":0,"ocean_menu_typo_line_height_unit":"","ocean_menu_typo_spacing":0,"ocean_menu_typo_spacing_tablet":0,"ocean_menu_typo_spacing_mobile":0,"ocean_menu_typo_spacing_unit":"","ocean_menu_link_color":"","ocean_menu_link_color_hover":"","ocean_menu_link_color_active":"","ocean_menu_link_background":"","ocean_menu_link_hover_background":"","ocean_menu_link_active_background":"","ocean_menu_social_links_bg":"","ocean_menu_social_hover_links_bg":"","ocean_menu_social_links_color":"","ocean_menu_social_hover_links_color":"","ocean_disable_title":"default","ocean_disable_heading":"default","ocean_post_title":"","ocean_post_subheading":"","ocean_post_title_style":"","ocean_post_title_background_color":"","ocean_post_title_background":0,"ocean_post_title_bg_image_position":"","ocean_post_title_bg_image_attachment":"","ocean_post_title_bg_image_repeat":"","ocean_post_title_bg_image_size":"","ocean_post_title_height":0,"ocean_post_title_bg_overlay":0.5,"ocean_post_title_bg_overlay_color":"","ocean_disable_breadcrumbs":"default","ocean_breadcrumbs_color":"","ocean_breadcrumbs_separator_color":"","ocean_breadcrumbs_links_color":"","ocean_breadcrumbs_links_hover_color":"","ocean_display_footer_widgets":"default","ocean_display_footer_bottom":"default","ocean_custom_footer_template":"","ocean_post_oembed":"","ocean_post_self_hosted_media":"","ocean_post_video_embed":"","ocean_link_format":"","ocean_link_format_target":"self","ocean_quote_format":"","ocean_quote_format_link":"post","ocean_gallery_link_images":"on","ocean_gallery_id":[],"footnotes":""},"categories":[38],"tags":[29],"class_list":["post-226","post","type-post","status-publish","format-standard","has-post-thumbnail","hentry","category-meu-diario","tag-meu-diario","entry","has-media"],"_links":{"self":[{"href":"https:\/\/luanabeatriz.art\/blog\/wp-json\/wp\/v2\/posts\/226","targetHints":{"allow":["GET"]}}],"collection":[{"href":"https:\/\/luanabeatriz.art\/blog\/wp-json\/wp\/v2\/posts"}],"about":[{"href":"https:\/\/luanabeatriz.art\/blog\/wp-json\/wp\/v2\/types\/post"}],"author":[{"embeddable":true,"href":"https:\/\/luanabeatriz.art\/blog\/wp-json\/wp\/v2\/users\/2"}],"replies":[{"embeddable":true,"href":"https:\/\/luanabeatriz.art\/blog\/wp-json\/wp\/v2\/comments?post=226"}],"version-history":[{"count":1,"href":"https:\/\/luanabeatriz.art\/blog\/wp-json\/wp\/v2\/posts\/226\/revisions"}],"predecessor-version":[{"id":819,"href":"https:\/\/luanabeatriz.art\/blog\/wp-json\/wp\/v2\/posts\/226\/revisions\/819"}],"wp:featuredmedia":[{"embeddable":true,"href":"https:\/\/luanabeatriz.art\/blog\/wp-json\/wp\/v2\/media\/820"}],"wp:attachment":[{"href":"https:\/\/luanabeatriz.art\/blog\/wp-json\/wp\/v2\/media?parent=226"}],"wp:term":[{"taxonomy":"category","embeddable":true,"href":"https:\/\/luanabeatriz.art\/blog\/wp-json\/wp\/v2\/categories?post=226"},{"taxonomy":"post_tag","embeddable":true,"href":"https:\/\/luanabeatriz.art\/blog\/wp-json\/wp\/v2\/tags?post=226"}],"curies":[{"name":"wp","href":"https:\/\/api.w.org\/{rel}","templated":true}]}}