{"id":217,"date":"2010-04-22T12:25:00","date_gmt":"2010-04-22T15:25:00","guid":{"rendered":"https:\/\/luanabeatriz.art\/blog\/a-metamorfose-da-vida\/"},"modified":"2025-07-28T20:58:51","modified_gmt":"2025-07-28T23:58:51","slug":"a-metamorfose-da-vida","status":"publish","type":"post","link":"https:\/\/luanabeatriz.art\/blog\/a-metamorfose-da-vida\/","title":{"rendered":"A metamorfose da vida"},"content":{"rendered":"<div style=\"clear: both; text-align: center;\"><a href=\"https:\/\/blogger.googleusercontent.com\/img\/b\/R29vZ2xl\/AVvXsEjTpLvx_cXnCkmH-qbXYev58TnBo8_9swI3o1iwQeLnhAxV1EPSTcZweZQErADSLmUvAENlX2Fmd1gB-vU4owl6c5oeQThyphenhyphenckunNn6jWyEKRrWyDuGo01mWf6hHkkXx1f8avVaYarOrHTk\/s1600\/metamorfose-de-narciso-de-salvador-dali.jpg\" style=\"clear: left; float: left; margin-bottom: 1em; margin-right: 1em;\"><img decoding=\"async\" border=\"0\" height=\"130\" src=\"https:\/\/blogger.googleusercontent.com\/img\/b\/R29vZ2xl\/AVvXsEjTpLvx_cXnCkmH-qbXYev58TnBo8_9swI3o1iwQeLnhAxV1EPSTcZweZQErADSLmUvAENlX2Fmd1gB-vU4owl6c5oeQThyphenhyphenckunNn6jWyEKRrWyDuGo01mWf6hHkkXx1f8avVaYarOrHTk\/s200\/metamorfose-de-narciso-de-salvador-dali.jpg\" width=\"200\" \/><\/a><\/div>\n<p>\nTodos n\u00f3s passamos por varias mudan\u00e7as em nossa vida, por\u00e9m algumas pessoas passam por uma grande mudan\u00e7a radical em t\u00e3o pouco tempo. Como tem acontecido comigo ultimamente. Acredito que todos voc\u00eas j\u00e1 passaram por essa drastica mudan\u00e7a por exemplo, certo dia voc\u00ea percebeu que n\u00e3o \u00e9 mais o que era ontem, certo dia voc\u00ea parou pra pensar como sua vida tem mudado depois que voc\u00ea conheceu algu\u00e9m ou passou a fazer parte de alguma coisa. Muitas vezes nossa vida passa por mudan\u00e7as e nem percebemos, quando percebemos sentimos t\u00e3o perplexa analizando tudo que tem acontecido ultimamente. Na adolescencia da via por exemplo, a maturidade, a timedez quando nos invade pela primeira vez s\u00e3o relatos da drastica mudan\u00e7a da metamorfose. Um outro relato interessante em que passamos s\u00e3o os complexos e medos que ficam gravados no passado em nossa psique. Geralmente adolescentes entre 16 \u00e1 18 anos sofre pertuba\u00e7\u00f5es com isso que foi o meu caso e o caso de muita gente ultimamente. Ficamos no limbo pensando qual caminho devemos seguir, pensando o que realmente a gente \u00e9 afinal de contas. Mas quando deixamos nos levar para o lado positivo e lutamos contra os fantasmas negativos de nossa psique, tudo se ajeita e os problemas afastam de nossa mente. J\u00e1 passei por muitas mudan\u00e7as ultimamente, mas essa \u00e9 a primeira em toda minha vida que aconteceu t\u00e3o r\u00e1pido, t\u00e3o velozmente&#8230; <a name='more'><\/a>Uma cidade nova, uma vida nova, atitudes novas e obriga\u00e7oes s\u00e3o coisas que tem aparecido recentemente na minha vida. Saborear a experiencia de ser dona de casa, ter um marido realmente \u00e9 uma grande experi\u00eancia que tem acontecido ultimamente. \u00c9 realmente uma coisa dificil no come\u00e7o, ficamos pensativa, analizando tudo que tem nos passado e que ta acontecendo, nos perguntamos se \u00e9 isso realmente que queriamos e esperavamos. Aprender a dividir o tempo se tornou uma tarefa bem dificil, muita gente ultimamente sente minha falta pela net, trabalhos que prometi fazer para amigos est\u00e3o realmente tudo atrasados. Aos poucos estou me adaptando a nova mudan\u00e7a. O importante da vida \u00e9 a luta para a felicidade, eu felismente a consegui. S\u00f3 me resta adaptar a ela.<br \/>\nTudo pode acontecer quando \u00e9 para a contecer. Quanto voc\u00ea menos espera acontecer\u00e1! E quanto voc\u00ea n\u00e3o acredita que vai se realizar, realizar\u00e1. Ai voc\u00ea pensa: &#8220;Caramba aconteceu mesmo! O inacreditavel existe! E agora o que eu fa\u00e7o?&#8221; Mas fala s\u00e9rio&#8230; voc\u00eas nunca passaram por mudan\u00e7as radicais? ^^ Encerro com uma poesia:<br \/>\n<b><br \/>\n<\/b><\/p>\n<div style=\"text-align: center;\"><b>Metamorfose da Vida<\/b><\/p>\n<p>Varias formas se formavam<br \/>\nMinha vida e todo meu ser<br \/>\nPercorriam em la\u00e7os abertos<br \/>\nMinha familia e todo meu viver<\/p>\n<p>Caminhava o caminho sozinha<br \/>\nImatura felizmente sorria<br \/>\nNas estradas da vida<br \/>\nN\u00e3o sabia o que aconteceria<\/p>\n<p>Fui aprendendo fui mudando<br \/>\nDiferenciando cada cor<br \/>\nA vida foi amadurando<br \/>\nAprendi o que era amor<\/p>\n<p>Sofri, batalhei, venci&#8230;<br \/>\nSonhos come\u00e7aram a realizar<br \/>\nPedidos, promessas, pensamentos&#8230;<br \/>\nCome\u00e7aram tomar posse do altar<\/p>\n<p>Hoje vejo minha vida colorida<br \/>\nToda mudada, formada e vencida<br \/>\nE nessa metamorfose da vida<br \/>\nValeu a pena ser merecida.<\/p>\n<p>\n<b>Por: Luana Beatriz (Luh@)<\/b><\/div>\n","protected":false},"excerpt":{"rendered":"<p>Todos n\u00f3s passamos por varias mudan\u00e7as em nossa vida, por\u00e9m algumas pessoas passam por uma grande mudan\u00e7a radical em t\u00e3o pouco tempo. Como tem acontecido comigo ultimamente. Acredito que todos voc\u00eas j\u00e1 passaram por essa drastica mudan\u00e7a por exemplo, certo dia voc\u00ea percebeu que n\u00e3o \u00e9 mais o que era ontem, certo dia voc\u00ea parou pra pensar como sua vida tem mudado depois que voc\u00ea conheceu algu\u00e9m ou passou a fazer parte de alguma coisa. Muitas vezes nossa vida passa por mudan\u00e7as e nem percebemos, quando percebemos sentimos t\u00e3o perplexa analizando tudo que tem acontecido ultimamente. Na adolescencia da via por exemplo, a maturidade, a timedez quando nos invade pela primeira vez s\u00e3o relatos da drastica mudan\u00e7a da metamorfose. Um outro relato interessante em que passamos s\u00e3o os complexos e medos que ficam gravados no passado em nossa psique. Geralmente adolescentes entre 16 \u00e1 18 anos sofre pertuba\u00e7\u00f5es com isso que foi o meu caso e o caso de muita gente ultimamente. Ficamos no limbo pensando qual caminho devemos seguir, pensando o que realmente a gente \u00e9 afinal de contas. Mas quando deixamos nos levar para o lado positivo e lutamos contra os fantasmas negativos de nossa psique, tudo se ajeita e os problemas afastam de nossa mente. J\u00e1 passei por muitas mudan\u00e7as ultimamente, mas essa \u00e9 a primeira em&#8230;<\/p>\n","protected":false},"author":2,"featured_media":803,"comment_status":"open","ping_status":"closed","sticky":false,"template":"","format":"standard","meta":{"ocean_post_layout":"","ocean_both_sidebars_style":"","ocean_both_sidebars_content_width":0,"ocean_both_sidebars_sidebars_width":0,"ocean_sidebar":"","ocean_second_sidebar":"","ocean_disable_margins":"enable","ocean_add_body_class":"","ocean_shortcode_before_top_bar":"","ocean_shortcode_after_top_bar":"","ocean_shortcode_before_header":"","ocean_shortcode_after_header":"","ocean_has_shortcode":"","ocean_shortcode_after_title":"","ocean_shortcode_before_footer_widgets":"","ocean_shortcode_after_footer_widgets":"","ocean_shortcode_before_footer_bottom":"","ocean_shortcode_after_footer_bottom":"","ocean_display_top_bar":"default","ocean_display_header":"default","ocean_header_style":"","ocean_center_header_left_menu":"","ocean_custom_header_template":"","ocean_custom_logo":0,"ocean_custom_retina_logo":0,"ocean_custom_logo_max_width":0,"ocean_custom_logo_tablet_max_width":0,"ocean_custom_logo_mobile_max_width":0,"ocean_custom_logo_max_height":0,"ocean_custom_logo_tablet_max_height":0,"ocean_custom_logo_mobile_max_height":0,"ocean_header_custom_menu":"","ocean_menu_typo_font_family":"","ocean_menu_typo_font_subset":"","ocean_menu_typo_font_size":0,"ocean_menu_typo_font_size_tablet":0,"ocean_menu_typo_font_size_mobile":0,"ocean_menu_typo_font_size_unit":"px","ocean_menu_typo_font_weight":"","ocean_menu_typo_font_weight_tablet":"","ocean_menu_typo_font_weight_mobile":"","ocean_menu_typo_transform":"","ocean_menu_typo_transform_tablet":"","ocean_menu_typo_transform_mobile":"","ocean_menu_typo_line_height":0,"ocean_menu_typo_line_height_tablet":0,"ocean_menu_typo_line_height_mobile":0,"ocean_menu_typo_line_height_unit":"","ocean_menu_typo_spacing":0,"ocean_menu_typo_spacing_tablet":0,"ocean_menu_typo_spacing_mobile":0,"ocean_menu_typo_spacing_unit":"","ocean_menu_link_color":"","ocean_menu_link_color_hover":"","ocean_menu_link_color_active":"","ocean_menu_link_background":"","ocean_menu_link_hover_background":"","ocean_menu_link_active_background":"","ocean_menu_social_links_bg":"","ocean_menu_social_hover_links_bg":"","ocean_menu_social_links_color":"","ocean_menu_social_hover_links_color":"","ocean_disable_title":"default","ocean_disable_heading":"default","ocean_post_title":"","ocean_post_subheading":"","ocean_post_title_style":"","ocean_post_title_background_color":"","ocean_post_title_background":0,"ocean_post_title_bg_image_position":"","ocean_post_title_bg_image_attachment":"","ocean_post_title_bg_image_repeat":"","ocean_post_title_bg_image_size":"","ocean_post_title_height":0,"ocean_post_title_bg_overlay":0.5,"ocean_post_title_bg_overlay_color":"","ocean_disable_breadcrumbs":"default","ocean_breadcrumbs_color":"","ocean_breadcrumbs_separator_color":"","ocean_breadcrumbs_links_color":"","ocean_breadcrumbs_links_hover_color":"","ocean_display_footer_widgets":"default","ocean_display_footer_bottom":"default","ocean_custom_footer_template":"","ocean_post_oembed":"","ocean_post_self_hosted_media":"","ocean_post_video_embed":"","ocean_link_format":"","ocean_link_format_target":"self","ocean_quote_format":"","ocean_quote_format_link":"post","ocean_gallery_link_images":"on","ocean_gallery_id":[],"footnotes":""},"categories":[38],"tags":[29],"class_list":["post-217","post","type-post","status-publish","format-standard","has-post-thumbnail","hentry","category-meu-diario","tag-meu-diario","entry","has-media"],"_links":{"self":[{"href":"https:\/\/luanabeatriz.art\/blog\/wp-json\/wp\/v2\/posts\/217","targetHints":{"allow":["GET"]}}],"collection":[{"href":"https:\/\/luanabeatriz.art\/blog\/wp-json\/wp\/v2\/posts"}],"about":[{"href":"https:\/\/luanabeatriz.art\/blog\/wp-json\/wp\/v2\/types\/post"}],"author":[{"embeddable":true,"href":"https:\/\/luanabeatriz.art\/blog\/wp-json\/wp\/v2\/users\/2"}],"replies":[{"embeddable":true,"href":"https:\/\/luanabeatriz.art\/blog\/wp-json\/wp\/v2\/comments?post=217"}],"version-history":[{"count":1,"href":"https:\/\/luanabeatriz.art\/blog\/wp-json\/wp\/v2\/posts\/217\/revisions"}],"predecessor-version":[{"id":802,"href":"https:\/\/luanabeatriz.art\/blog\/wp-json\/wp\/v2\/posts\/217\/revisions\/802"}],"wp:featuredmedia":[{"embeddable":true,"href":"https:\/\/luanabeatriz.art\/blog\/wp-json\/wp\/v2\/media\/803"}],"wp:attachment":[{"href":"https:\/\/luanabeatriz.art\/blog\/wp-json\/wp\/v2\/media?parent=217"}],"wp:term":[{"taxonomy":"category","embeddable":true,"href":"https:\/\/luanabeatriz.art\/blog\/wp-json\/wp\/v2\/categories?post=217"},{"taxonomy":"post_tag","embeddable":true,"href":"https:\/\/luanabeatriz.art\/blog\/wp-json\/wp\/v2\/tags?post=217"}],"curies":[{"name":"wp","href":"https:\/\/api.w.org\/{rel}","templated":true}]}}