{"id":212,"date":"2010-05-11T16:38:00","date_gmt":"2010-05-11T19:38:00","guid":{"rendered":"https:\/\/luanabeatriz.art\/blog\/viva-o-gostinho-de-gostar-de-viver\/"},"modified":"2025-07-28T20:56:30","modified_gmt":"2025-07-28T23:56:30","slug":"viva-o-gostinho-de-gostar-de-viver","status":"publish","type":"post","link":"https:\/\/luanabeatriz.art\/blog\/viva-o-gostinho-de-gostar-de-viver\/","title":{"rendered":"Viva o gostinho de gostar de viver!"},"content":{"rendered":"<div style=\"clear: both; text-align: center;\"><a href=\"https:\/\/blogger.googleusercontent.com\/img\/b\/R29vZ2xl\/AVvXsEjHXhKMPayT41VDgu1UmMvaNcTjZB50S3pHPcfg3YeHjuiNEX6oWKO6CG41mexN7tKa76lnQR6UTgAy1lMJzVw_1nM4YIO0EklY4-fraYzGIjpnKXTlBabzQT03ivuqu-A0hf9CT93aec4\/s1600\/FOTOS+MALUCAS+056.jpg\" style=\"clear: left; float: left; margin-bottom: 1em; margin-right: 1em;\"><img decoding=\"async\" border=\"0\" height=\"150\" src=\"https:\/\/blogger.googleusercontent.com\/img\/b\/R29vZ2xl\/AVvXsEjHXhKMPayT41VDgu1UmMvaNcTjZB50S3pHPcfg3YeHjuiNEX6oWKO6CG41mexN7tKa76lnQR6UTgAy1lMJzVw_1nM4YIO0EklY4-fraYzGIjpnKXTlBabzQT03ivuqu-A0hf9CT93aec4\/s200\/FOTOS+MALUCAS+056.jpg\" width=\"200\" \/><\/a><\/div>\n<div style=\"font-family: Calibri; font-size: 11pt; margin: 0in;\">Muitas  vezes eu j\u00e1 tive in\u00fameros pensamentos negativos sobre a vida. Viver para que? O  mundo \u00e9 uma droga, cheio de guerra, viol\u00eancia, corrup\u00e7\u00e3o, pessoas sem amor, sem  uni\u00e3o&#8230; Pra que viver? Sim eu j\u00e1 tive vontade de morrer, de deixar esse mundo,  essa vida minha&#8230; Vontade de dormir e n\u00e3o mais acordar&#8230; Sim eu j\u00e1 fui  discriminada, j\u00e1 enfrentei v\u00e1rios tipos de barreiras, j\u00e1 fui rejeitada, deixada de lado,  j\u00e1 perdi pessoas queridas, j\u00e1 enfrentei as trevas e encontrei a luz  novamente, j\u00e1 entrei em depress\u00e3o e ningu\u00e9m me estendeu a m\u00e3o&#8230; Mas eu n\u00e3o desisti da  minha vida, ag\u00fcentei tanto at\u00e9 agora para desistir? \u00c9 extremamente muita  coisa. Viver n\u00e3o \u00e9 t\u00e3o ruim assim quando olhamos o mundo de outra maneira, quando mergulhamos em nossos sonhos e vivemos somente daquilo que imaginamos e sonhamos. Sonhar \u00e9 uma ferramenta fundamental para a vida, \u00e9 um dos  principais motivos para continuarmos vivendo. Sonhos, metas e conquistas s\u00e3o  grandes motivos para cada dia voc\u00ea subir um degrau dessa vida. Na televis\u00e3o as  not\u00edcias quase 90% \u00e9 s\u00f3 trag\u00e9dia e viol\u00eancia no mundo, o resto da tv aberta \u00e9  fofocas de gente famosas e tals&#8230; Eu n\u00e3o gosto da tv aberta, n\u00e3o curto ver jornais  nem novelas&#8230; T\u00e1 certo, jornal nos mant\u00e9m atualizado sobre o nosso mundo&#8230;  Mas n\u00e3o sobre o MEU MUNDO. Eu tenho meu mundo, e o meu mundo \u00e9 t\u00e3o bonito,  t\u00e3o diferente&#8230;<br \/>\n<a name='more'><\/a><\/div>\n<p>Se todas as pessoas nesse mundo enxergasse  o mundo como eu enxergo, creio que todos jamais queriam morrer algum dia. Eu tenho  sonhos e metas para conseguir nessa vida. Foi exatamente por eles,&nbsp;  pelo amor a mim mesma e pelo papai do c\u00e9u que estou aqui at\u00e9 agora, firme, forte, alegre e feliz. Embora algumas vezes  os pensamentos negativos invadem a nossa psique, aqueles chamados fantasmas  do pensamento. Nunca, jamais eles conseguir\u00e3o me fazer cair. Eu cai uma vez e vi qu\u00e3o  ruim \u00e9, portanto jamais cairei de novo.  <\/p>\n<div style=\"font-family: Calibri; font-size: 11pt; margin: 0in;\">Ent\u00e3o  viva do gostinho de gostar de viver. Quando eu era crian\u00e7a ou melhor bem mais  novinha porque crian\u00e7a acho que nunca deixarei de ser. Eu brincava com tudo,  aproveitei bastante minha inf\u00e2ncia. Hoje n\u00e3o me arrependo de nada que fiz, apenas  conto pras pessoas a experi\u00eancia que tive quando eu era menininha. J\u00e1 teve  pessoas que disseram que nem fez metade do que eu fiz na inf\u00e2ncia. Eu me sinto  as vezes orgulhosa de mim mesma, sabendo que eu venci e pulei tantos obst\u00e1culos  na minha vida, cumpri tantas promessas e hoje estou quase alcan\u00e7ando o topo do  meu sonho. Hoje depois de tantos sofrimento minha \u00e1rvore cresceu e ta dando  frutos. &#8220;Quem planta o bem, sempre colhe o bem.&#8221; Seja tarde ou n\u00e3o voc\u00ea um dia colher\u00e1 tudo que plantou. Portanto adote a palavra CARPE DIEM, que  diz aproveite da melhor forma poss\u00edvel o dia. Viva, ame, fa\u00e7a loucuras,  coma, sorria, tire fotos, brinque&#8230; Aproveite sua sa\u00fade, aproveite o tempo,  admire as nuvens no c\u00e9u, a constela\u00e7\u00e3o de noite&#8230; Quando acordar agrade\u00e7a a  papai do c\u00e9u por mais um dia, admire o dia, n\u00e3o reclame, viva com um cora\u00e7\u00e3o  limpo, pois assim voc\u00ea poder\u00e1 voar pois voc\u00ea n\u00e3o ter\u00e1 nada pesado na consci\u00eancia da  sua psique, embora voc\u00eas podem ter problemas familiares, financeiros&#8230; Mas  fazendo isso voc\u00ea cria tipo um escudo entre voc\u00ea que rebate todas as coisas  ruins, todos os fantasmas de sua psique&#8230; Isso faz gerar solu\u00e7\u00f5es inesperadas  para seus problemas. \u00c9 uma forma m\u00e1gica de viver, de pensar e de agir. Fa\u00e7a  aquilo que voc\u00ea gosta,&nbsp; e deixem as pessoas cuidarem do nariz dela em paz. ^^<\/div>\n<div style=\"font-family: Calibri; font-size: 11pt; margin: 0in;\">Eu  fiz\/fa\u00e7o tudo que gosto n\u00e3o ligo para o que as pessoas pensam de mim&#8230; T\u00e1 olhando o que?  Eu to cuidando do meu nariz&#8230; V\u00e1 cuidar do seu tbm! \ud83d\ude09 Mas cuide bem!  Huahuahua <\/div>\n<div style=\"font-family: Calibri; font-size: 11pt; margin: 0in;\">\u00c9 isso  ai&#8230; Cada um com seu nariz!<\/div>\n<div style=\"font-family: Calibri; font-size: 11pt; margin: 0in;\">Vamos  viver! VIVAAAAAAAAAAAA o\/<\/div>\n<div style=\"font-family: Calibri; font-size: 11pt; margin: 0in;\">\n<\/div>\n<div style=\"font-family: Calibri; font-size: 11pt; margin: 0in; text-align: center;\"><b>To vivendo<\/b><\/div>\n<div><\/div>\n<div style=\"font-family: Calibri; font-size: 11pt; margin: 0in; text-align: center;\">\n<\/div>\n<div style=\"text-align: center;\"><\/div>\n<div style=\"font-family: Calibri; font-size: 11pt; margin: 0in; text-align: center;\">To vivendo a vida<\/div>\n<div style=\"text-align: center;\"><\/div>\n<div style=\"font-family: Calibri; font-size: 11pt; margin: 0in; text-align: center;\">To aprendendo a viver<\/div>\n<div style=\"text-align: center;\"><\/div>\n<div style=\"font-family: Calibri; font-size: 11pt; margin: 0in; text-align: center;\">To escrevendo essa poesia<\/div>\n<div style=\"text-align: center;\"><\/div>\n<div style=\"font-family: Calibri; font-size: 11pt; margin: 0in; text-align: center;\">Pra mostrar a alegria a voc\u00ea<\/div>\n<div style=\"text-align: center;\"><\/div>\n<div style=\"font-family: Calibri; font-size: 11pt; margin: 0in; text-align: center;\">\n<\/div>\n<div style=\"text-align: center;\"><\/div>\n<div style=\"font-family: Calibri; font-size: 11pt; margin: 0in; text-align: center;\">To vivendo uma fantasia<\/div>\n<div style=\"text-align: center;\"><\/div>\n<div style=\"font-family: Calibri; font-size: 11pt; margin: 0in; text-align: center;\">Flores, estrelas e espinhos<\/div>\n<div style=\"text-align: center;\"><\/div>\n<div style=\"font-family: Calibri; font-size: 11pt; margin: 0in; text-align: center;\">Meu mundo, o mais bonito<\/div>\n<div style=\"text-align: center;\"><\/div>\n<div style=\"font-family: Calibri; font-size: 11pt; margin: 0in; text-align: center;\">Sonhei com muito carinho<\/div>\n<div style=\"text-align: center;\"><\/div>\n<div style=\"font-family: Calibri; font-size: 11pt; margin: 0in; text-align: center;\">\n<\/div>\n<div style=\"text-align: center;\"><\/div>\n<div style=\"font-family: Calibri; font-size: 11pt; margin: 0in; text-align: center;\">To vivendo o presente<\/div>\n<div style=\"text-align: center;\"><\/div>\n<div style=\"font-family: Calibri; font-size: 11pt; margin: 0in; text-align: center;\">O passado t\u00e1 doente<\/div>\n<div style=\"text-align: center;\"><\/div>\n<div style=\"font-family: Calibri; font-size: 11pt; margin: 0in; text-align: center;\">O futuro t\u00e1 pra frente<\/div>\n<div style=\"text-align: center;\"><\/div>\n<div style=\"font-family: Calibri; font-size: 11pt; margin: 0in; text-align: center;\">E ningu\u00e9m t\u00e1 carente<\/div>\n<div style=\"text-align: center;\"><\/div>\n<div style=\"font-family: Calibri; font-size: 11pt; margin: 0in; text-align: center;\">\n<\/div>\n<div style=\"text-align: center;\"><\/div>\n<div style=\"font-family: Calibri; font-size: 11pt; margin: 0in; text-align: center;\">To vivendo as horas<\/div>\n<div style=\"text-align: center;\"><\/div>\n<div style=\"font-family: Calibri; font-size: 11pt; margin: 0in; text-align: center;\">Os minutos do cora\u00e7\u00e3o<\/div>\n<div style=\"text-align: center;\"><\/div>\n<div style=\"font-family: Calibri; font-size: 11pt; margin: 0in; text-align: center;\">To vivendo um amor<\/div>\n<div style=\"text-align: center;\"><\/div>\n<div style=\"font-family: Calibri; font-size: 11pt; margin: 0in; text-align: center;\">A mais doce e pura paix\u00e3o<\/div>\n<div style=\"text-align: center;\"><\/div>\n<div style=\"font-family: Calibri; font-size: 11pt; margin: 0in; text-align: center;\">\n<\/div>\n<div style=\"text-align: center;\"><\/div>\n<div style=\"font-family: Calibri; font-size: 11pt; margin: 0in; text-align: center;\">To vivendo&#8230;<\/div>\n<div style=\"text-align: center;\"><\/div>\n<div style=\"font-family: Calibri; font-size: 11pt; margin: 0in; text-align: center;\">E ainda continuo vivendo<\/div>\n<div style=\"text-align: center;\"><\/div>\n<div style=\"font-family: Calibri; font-size: 11pt; margin: 0in; text-align: center;\">Pois se n\u00e3o estivesse&#8230;<\/div>\n<div style=\"text-align: center;\"><\/div>\n<div style=\"font-family: Calibri; font-size: 11pt; margin: 0in; text-align: center;\">N\u00e3o estava aqui escrevendo&#8230;.<\/div>\n<div style=\"font-family: Calibri; font-size: 11pt; margin: 0in; text-align: center;\">\n<\/div>\n<div style=\"font-family: Calibri; font-size: 11pt; margin: 0in; text-align: center;\"><b>Por:  Luana Beatriz (Luh@)<\/b> <\/div>\n","protected":false},"excerpt":{"rendered":"<p>Muitas vezes eu j\u00e1 tive in\u00fameros pensamentos negativos sobre a vida. Viver para que? O mundo \u00e9 uma droga, cheio de guerra, viol\u00eancia, corrup\u00e7\u00e3o, pessoas sem amor, sem uni\u00e3o&#8230; Pra que viver? Sim eu j\u00e1 tive vontade de morrer, de deixar esse mundo, essa vida minha&#8230; Vontade de dormir e n\u00e3o mais acordar&#8230; Sim eu j\u00e1 fui discriminada, j\u00e1 enfrentei v\u00e1rios tipos de barreiras, j\u00e1 fui rejeitada, deixada de lado, j\u00e1 perdi pessoas queridas, j\u00e1 enfrentei as trevas e encontrei a luz novamente, j\u00e1 entrei em depress\u00e3o e ningu\u00e9m me estendeu a m\u00e3o&#8230; Mas eu n\u00e3o desisti da minha vida, ag\u00fcentei tanto at\u00e9 agora para desistir? \u00c9 extremamente muita coisa. Viver n\u00e3o \u00e9 t\u00e3o ruim assim quando olhamos o mundo de outra maneira, quando mergulhamos em nossos sonhos e vivemos somente daquilo que imaginamos e sonhamos. Sonhar \u00e9 uma ferramenta fundamental para a vida, \u00e9 um dos principais motivos para continuarmos vivendo. Sonhos, metas e conquistas s\u00e3o grandes motivos para cada dia voc\u00ea subir um degrau dessa vida. Na televis\u00e3o as not\u00edcias quase 90% \u00e9 s\u00f3 trag\u00e9dia e viol\u00eancia no mundo, o resto da tv aberta \u00e9 fofocas de gente famosas e tals&#8230; Eu n\u00e3o gosto da tv aberta, n\u00e3o curto ver jornais nem novelas&#8230; T\u00e1 certo, jornal nos mant\u00e9m atualizado sobre o nosso mundo&#8230; Mas n\u00e3o sobre o MEU&#8230;<\/p>\n","protected":false},"author":2,"featured_media":795,"comment_status":"open","ping_status":"closed","sticky":false,"template":"","format":"standard","meta":{"ocean_post_layout":"","ocean_both_sidebars_style":"","ocean_both_sidebars_content_width":0,"ocean_both_sidebars_sidebars_width":0,"ocean_sidebar":"","ocean_second_sidebar":"","ocean_disable_margins":"enable","ocean_add_body_class":"","ocean_shortcode_before_top_bar":"","ocean_shortcode_after_top_bar":"","ocean_shortcode_before_header":"","ocean_shortcode_after_header":"","ocean_has_shortcode":"","ocean_shortcode_after_title":"","ocean_shortcode_before_footer_widgets":"","ocean_shortcode_after_footer_widgets":"","ocean_shortcode_before_footer_bottom":"","ocean_shortcode_after_footer_bottom":"","ocean_display_top_bar":"default","ocean_display_header":"default","ocean_header_style":"","ocean_center_header_left_menu":"","ocean_custom_header_template":"","ocean_custom_logo":0,"ocean_custom_retina_logo":0,"ocean_custom_logo_max_width":0,"ocean_custom_logo_tablet_max_width":0,"ocean_custom_logo_mobile_max_width":0,"ocean_custom_logo_max_height":0,"ocean_custom_logo_tablet_max_height":0,"ocean_custom_logo_mobile_max_height":0,"ocean_header_custom_menu":"","ocean_menu_typo_font_family":"","ocean_menu_typo_font_subset":"","ocean_menu_typo_font_size":0,"ocean_menu_typo_font_size_tablet":0,"ocean_menu_typo_font_size_mobile":0,"ocean_menu_typo_font_size_unit":"px","ocean_menu_typo_font_weight":"","ocean_menu_typo_font_weight_tablet":"","ocean_menu_typo_font_weight_mobile":"","ocean_menu_typo_transform":"","ocean_menu_typo_transform_tablet":"","ocean_menu_typo_transform_mobile":"","ocean_menu_typo_line_height":0,"ocean_menu_typo_line_height_tablet":0,"ocean_menu_typo_line_height_mobile":0,"ocean_menu_typo_line_height_unit":"","ocean_menu_typo_spacing":0,"ocean_menu_typo_spacing_tablet":0,"ocean_menu_typo_spacing_mobile":0,"ocean_menu_typo_spacing_unit":"","ocean_menu_link_color":"","ocean_menu_link_color_hover":"","ocean_menu_link_color_active":"","ocean_menu_link_background":"","ocean_menu_link_hover_background":"","ocean_menu_link_active_background":"","ocean_menu_social_links_bg":"","ocean_menu_social_hover_links_bg":"","ocean_menu_social_links_color":"","ocean_menu_social_hover_links_color":"","ocean_disable_title":"default","ocean_disable_heading":"default","ocean_post_title":"","ocean_post_subheading":"","ocean_post_title_style":"","ocean_post_title_background_color":"","ocean_post_title_background":0,"ocean_post_title_bg_image_position":"","ocean_post_title_bg_image_attachment":"","ocean_post_title_bg_image_repeat":"","ocean_post_title_bg_image_size":"","ocean_post_title_height":0,"ocean_post_title_bg_overlay":0.5,"ocean_post_title_bg_overlay_color":"","ocean_disable_breadcrumbs":"default","ocean_breadcrumbs_color":"","ocean_breadcrumbs_separator_color":"","ocean_breadcrumbs_links_color":"","ocean_breadcrumbs_links_hover_color":"","ocean_display_footer_widgets":"default","ocean_display_footer_bottom":"default","ocean_custom_footer_template":"","ocean_post_oembed":"","ocean_post_self_hosted_media":"","ocean_post_video_embed":"","ocean_link_format":"","ocean_link_format_target":"self","ocean_quote_format":"","ocean_quote_format_link":"post","ocean_gallery_link_images":"on","ocean_gallery_id":[],"footnotes":""},"categories":[38],"tags":[29],"class_list":["post-212","post","type-post","status-publish","format-standard","has-post-thumbnail","hentry","category-meu-diario","tag-meu-diario","entry","has-media"],"_links":{"self":[{"href":"https:\/\/luanabeatriz.art\/blog\/wp-json\/wp\/v2\/posts\/212","targetHints":{"allow":["GET"]}}],"collection":[{"href":"https:\/\/luanabeatriz.art\/blog\/wp-json\/wp\/v2\/posts"}],"about":[{"href":"https:\/\/luanabeatriz.art\/blog\/wp-json\/wp\/v2\/types\/post"}],"author":[{"embeddable":true,"href":"https:\/\/luanabeatriz.art\/blog\/wp-json\/wp\/v2\/users\/2"}],"replies":[{"embeddable":true,"href":"https:\/\/luanabeatriz.art\/blog\/wp-json\/wp\/v2\/comments?post=212"}],"version-history":[{"count":1,"href":"https:\/\/luanabeatriz.art\/blog\/wp-json\/wp\/v2\/posts\/212\/revisions"}],"predecessor-version":[{"id":794,"href":"https:\/\/luanabeatriz.art\/blog\/wp-json\/wp\/v2\/posts\/212\/revisions\/794"}],"wp:featuredmedia":[{"embeddable":true,"href":"https:\/\/luanabeatriz.art\/blog\/wp-json\/wp\/v2\/media\/795"}],"wp:attachment":[{"href":"https:\/\/luanabeatriz.art\/blog\/wp-json\/wp\/v2\/media?parent=212"}],"wp:term":[{"taxonomy":"category","embeddable":true,"href":"https:\/\/luanabeatriz.art\/blog\/wp-json\/wp\/v2\/categories?post=212"},{"taxonomy":"post_tag","embeddable":true,"href":"https:\/\/luanabeatriz.art\/blog\/wp-json\/wp\/v2\/tags?post=212"}],"curies":[{"name":"wp","href":"https:\/\/api.w.org\/{rel}","templated":true}]}}