{"id":203,"date":"2010-06-21T15:44:00","date_gmt":"2010-06-21T18:44:00","guid":{"rendered":"https:\/\/luanabeatriz.art\/blog\/vontade-de-sumir-voar-desaparecer\/"},"modified":"2025-07-28T20:50:53","modified_gmt":"2025-07-28T23:50:53","slug":"vontade-de-sumir-voar-desaparecer","status":"publish","type":"post","link":"https:\/\/luanabeatriz.art\/blog\/vontade-de-sumir-voar-desaparecer\/","title":{"rendered":"Vontade de sumir, voar, desaparecer&#8230;"},"content":{"rendered":"<div style=\"clear: both; text-align: center;\"><a href=\"https:\/\/blogger.googleusercontent.com\/img\/b\/R29vZ2xl\/AVvXsEizezYDzo7DLpjamlb3jlHwaffj0bykEoUYfmnBY_IgUgT2Zp_xgLxx34r8Hk97ANNUEYxDloePUuC-YTn_el1QlBOzkedQ0WkcIprOeUpHDW38x5S4aUKb9MJEjnChedhzl96CgsrNe-A\/s1600\/fade_away.jpg\" style=\"clear: left; float: left; margin-bottom: 1em; margin-right: 1em;\"><img decoding=\"async\" border=\"0\" height=\"200\" src=\"https:\/\/blogger.googleusercontent.com\/img\/b\/R29vZ2xl\/AVvXsEizezYDzo7DLpjamlb3jlHwaffj0bykEoUYfmnBY_IgUgT2Zp_xgLxx34r8Hk97ANNUEYxDloePUuC-YTn_el1QlBOzkedQ0WkcIprOeUpHDW38x5S4aUKb9MJEjnChedhzl96CgsrNe-A\/s200\/fade_away.jpg\" width=\"198\" \/><\/a><\/div>\n<p>Acho que todos voc\u00eas j\u00e1 tiveram aquela vontade amea\u00e7adora de desaparecer do mapa, sumir, voar, ir para bem longe onde ningu\u00e9m te acharia. Vontade de ficar sozinho por bastante tempo sem algu\u00e9m poder te encontrar&#8230; Ficar s\u00f3 a fim de tentar encontrar uma solu\u00e7\u00e3o, o seu pensamento, e, ou colocar no lugar todas as coisas que tem entrado na sua cabe\u00e7a precipitadamente. Essa vontade de sumir consta at\u00e9 na biblia: <span style=\"font-style: italic;\">&#8220;Assim eu disse: Oh! quem me dera asas  como de pomba! Ent\u00e3o voaria, e estaria em descanso.&#8221;<\/span><span style=\"font-style: italic;\">( Salmos 55. 6)&nbsp; <\/span> Pois bem, desde os tempos antigos esse sentimento existia. Quando eu era crian\u00e7a isso me ocorria v\u00e1rias e v\u00e1rias vezes&#8230; Na maioria das vezes chegava a me perguntar para que estava sentindo aquilo, mas n\u00e3o conseguia distinguir o porqu\u00ea desse sentimento amea\u00e7ador. N\u00e3o consigo descobrir o porqu\u00ea da vontade explosiva de ficar s\u00f3, daquela vontade amea\u00e7adora de sair correndo e jamais olhar para tr\u00e1s&#8230; E eu corria, eu saia correndo e escondia nos espa\u00e7os proibidos do meu col\u00e9gio daquela \u00e9poca. Lugares totalmente proibido para alunos&#8230; E l\u00e1 eu ficava at\u00e9 escutar o sinal bater para ir pra sala de aula&#8230; Ficava o tempo todo pensando, mergulhando nos meus pensamentos, imaginando coisas&#8230;<br \/>\n<a name='more'><\/a> E quando eu voltava pra sala de aula, alguns colegas me perguntavam onde \u00e9 que me meti. Eu simplesmente sorria. Em outros casos eu era pega pela surpevisora ou diretora e acabava levando serm\u00e3o&#8230; Pensei que essa vontade passaria com o tempo. O chato \u00e9 que s\u00f3 aprofundou cada vez mais&#8230;&nbsp; Eu fico triste varias vezes e n\u00e3o sei o porqu\u00ea. \u00c9 realmente um sentimento muit\u00edssimo estranho. Ser\u00e1 eu anti-social? Ser\u00e1 eu anormal? Ou simplesmente misteriosa com meus sentimentos? Ali\u00e1s&#8230;&nbsp; Voc\u00eas tamb\u00e9m j\u00e1 quizeram sumir n\u00e3o?<\/p>\n<div style=\"text-align: center;\"><b>Suma!<\/b><\/div>\n<div style=\"text-align: center;\">\n<\/div>\n<div style=\"text-align: center;\">D\u00ea me asas<\/div>\n<div style=\"text-align: center;\">Quero voar<\/div>\n<div style=\"text-align: center;\">Sair desse mundo<\/div>\n<div style=\"text-align: center;\">Mudar de lugar<\/div>\n<div style=\"text-align: center;\">\n<\/div>\n<div style=\"text-align: center;\">Achar o infinito<\/div>\n<div style=\"text-align: center;\">Sozinha l\u00e1 ficar<\/div>\n<div style=\"text-align: center;\">Onde ninguem me veja<\/div>\n<div style=\"text-align: center;\">Contemplar o luar<\/div>\n<div style=\"text-align: center;\">\n<\/div>\n<div style=\"text-align: center;\">Quero sumir<\/div>\n<div style=\"text-align: center;\">Desse mundo todo<\/div>\n<div style=\"text-align: center;\">Quero fugir<\/div>\n<div style=\"text-align: center;\">De todo o povo<\/div>\n<div style=\"text-align: center;\">\n<\/div>\n<div style=\"text-align: center;\">Suma!<\/div>\n<div style=\"text-align: center;\">Fala pra mim!<\/div>\n<div style=\"text-align: center;\">Suma!<\/div>\n<div style=\"text-align: center;\">T\u00e3o rapido assim!<\/div>\n<div style=\"text-align: center;\">\n<\/div>\n<div style=\"text-align: center;\">D\u00ea me asas<\/div>\n<div style=\"text-align: center;\">Quero voar<\/div>\n<div style=\"text-align: center;\">Achar o infinito<\/div>\n<div style=\"text-align: center;\">E sozinha l\u00e1 ficar&#8230;<\/div>\n<div style=\"text-align: center;\">\n<\/div>\n<div style=\"text-align: center;\"><b>Por Luana Beatriz de Jesus (Luh@)<\/b><\/div>\n<div style=\"text-align: center;\">\n<\/div>\n<div style=\"text-align: center;\">\n<\/div>\n","protected":false},"excerpt":{"rendered":"<p>Acho que todos voc\u00eas j\u00e1 tiveram aquela vontade amea\u00e7adora de desaparecer do mapa, sumir, voar, ir para bem longe onde ningu\u00e9m te acharia. Vontade de ficar sozinho por bastante tempo sem algu\u00e9m poder te encontrar&#8230; Ficar s\u00f3 a fim de tentar encontrar uma solu\u00e7\u00e3o, o seu pensamento, e, ou colocar no lugar todas as coisas que tem entrado na sua cabe\u00e7a precipitadamente. Essa vontade de sumir consta at\u00e9 na biblia: &#8220;Assim eu disse: Oh! quem me dera asas como de pomba! Ent\u00e3o voaria, e estaria em descanso.&#8221;( Salmos 55. 6)&nbsp; Pois bem, desde os tempos antigos esse sentimento existia. Quando eu era crian\u00e7a isso me ocorria v\u00e1rias e v\u00e1rias vezes&#8230; Na maioria das vezes chegava a me perguntar para que estava sentindo aquilo, mas n\u00e3o conseguia distinguir o porqu\u00ea desse sentimento amea\u00e7ador. N\u00e3o consigo descobrir o porqu\u00ea da vontade explosiva de ficar s\u00f3, daquela vontade amea\u00e7adora de sair correndo e jamais olhar para tr\u00e1s&#8230; E eu corria, eu saia correndo e escondia nos espa\u00e7os proibidos do meu col\u00e9gio daquela \u00e9poca. Lugares totalmente proibido para alunos&#8230; E l\u00e1 eu ficava at\u00e9 escutar o sinal bater para ir pra sala de aula&#8230; Ficava o tempo todo pensando, mergulhando nos meus pensamentos, imaginando coisas&#8230; E quando eu voltava pra sala de aula, alguns colegas me perguntavam onde \u00e9 que me meti. Eu simplesmente&#8230;<\/p>\n","protected":false},"author":2,"featured_media":778,"comment_status":"open","ping_status":"closed","sticky":false,"template":"","format":"standard","meta":{"ocean_post_layout":"","ocean_both_sidebars_style":"","ocean_both_sidebars_content_width":0,"ocean_both_sidebars_sidebars_width":0,"ocean_sidebar":"","ocean_second_sidebar":"","ocean_disable_margins":"enable","ocean_add_body_class":"","ocean_shortcode_before_top_bar":"","ocean_shortcode_after_top_bar":"","ocean_shortcode_before_header":"","ocean_shortcode_after_header":"","ocean_has_shortcode":"","ocean_shortcode_after_title":"","ocean_shortcode_before_footer_widgets":"","ocean_shortcode_after_footer_widgets":"","ocean_shortcode_before_footer_bottom":"","ocean_shortcode_after_footer_bottom":"","ocean_display_top_bar":"default","ocean_display_header":"default","ocean_header_style":"","ocean_center_header_left_menu":"","ocean_custom_header_template":"","ocean_custom_logo":0,"ocean_custom_retina_logo":0,"ocean_custom_logo_max_width":0,"ocean_custom_logo_tablet_max_width":0,"ocean_custom_logo_mobile_max_width":0,"ocean_custom_logo_max_height":0,"ocean_custom_logo_tablet_max_height":0,"ocean_custom_logo_mobile_max_height":0,"ocean_header_custom_menu":"","ocean_menu_typo_font_family":"","ocean_menu_typo_font_subset":"","ocean_menu_typo_font_size":0,"ocean_menu_typo_font_size_tablet":0,"ocean_menu_typo_font_size_mobile":0,"ocean_menu_typo_font_size_unit":"px","ocean_menu_typo_font_weight":"","ocean_menu_typo_font_weight_tablet":"","ocean_menu_typo_font_weight_mobile":"","ocean_menu_typo_transform":"","ocean_menu_typo_transform_tablet":"","ocean_menu_typo_transform_mobile":"","ocean_menu_typo_line_height":0,"ocean_menu_typo_line_height_tablet":0,"ocean_menu_typo_line_height_mobile":0,"ocean_menu_typo_line_height_unit":"","ocean_menu_typo_spacing":0,"ocean_menu_typo_spacing_tablet":0,"ocean_menu_typo_spacing_mobile":0,"ocean_menu_typo_spacing_unit":"","ocean_menu_link_color":"","ocean_menu_link_color_hover":"","ocean_menu_link_color_active":"","ocean_menu_link_background":"","ocean_menu_link_hover_background":"","ocean_menu_link_active_background":"","ocean_menu_social_links_bg":"","ocean_menu_social_hover_links_bg":"","ocean_menu_social_links_color":"","ocean_menu_social_hover_links_color":"","ocean_disable_title":"default","ocean_disable_heading":"default","ocean_post_title":"","ocean_post_subheading":"","ocean_post_title_style":"","ocean_post_title_background_color":"","ocean_post_title_background":0,"ocean_post_title_bg_image_position":"","ocean_post_title_bg_image_attachment":"","ocean_post_title_bg_image_repeat":"","ocean_post_title_bg_image_size":"","ocean_post_title_height":0,"ocean_post_title_bg_overlay":0.5,"ocean_post_title_bg_overlay_color":"","ocean_disable_breadcrumbs":"default","ocean_breadcrumbs_color":"","ocean_breadcrumbs_separator_color":"","ocean_breadcrumbs_links_color":"","ocean_breadcrumbs_links_hover_color":"","ocean_display_footer_widgets":"default","ocean_display_footer_bottom":"default","ocean_custom_footer_template":"","ocean_post_oembed":"","ocean_post_self_hosted_media":"","ocean_post_video_embed":"","ocean_link_format":"","ocean_link_format_target":"self","ocean_quote_format":"","ocean_quote_format_link":"post","ocean_gallery_link_images":"on","ocean_gallery_id":[],"footnotes":""},"categories":[38],"tags":[29],"class_list":["post-203","post","type-post","status-publish","format-standard","has-post-thumbnail","hentry","category-meu-diario","tag-meu-diario","entry","has-media"],"_links":{"self":[{"href":"https:\/\/luanabeatriz.art\/blog\/wp-json\/wp\/v2\/posts\/203","targetHints":{"allow":["GET"]}}],"collection":[{"href":"https:\/\/luanabeatriz.art\/blog\/wp-json\/wp\/v2\/posts"}],"about":[{"href":"https:\/\/luanabeatriz.art\/blog\/wp-json\/wp\/v2\/types\/post"}],"author":[{"embeddable":true,"href":"https:\/\/luanabeatriz.art\/blog\/wp-json\/wp\/v2\/users\/2"}],"replies":[{"embeddable":true,"href":"https:\/\/luanabeatriz.art\/blog\/wp-json\/wp\/v2\/comments?post=203"}],"version-history":[{"count":1,"href":"https:\/\/luanabeatriz.art\/blog\/wp-json\/wp\/v2\/posts\/203\/revisions"}],"predecessor-version":[{"id":777,"href":"https:\/\/luanabeatriz.art\/blog\/wp-json\/wp\/v2\/posts\/203\/revisions\/777"}],"wp:featuredmedia":[{"embeddable":true,"href":"https:\/\/luanabeatriz.art\/blog\/wp-json\/wp\/v2\/media\/778"}],"wp:attachment":[{"href":"https:\/\/luanabeatriz.art\/blog\/wp-json\/wp\/v2\/media?parent=203"}],"wp:term":[{"taxonomy":"category","embeddable":true,"href":"https:\/\/luanabeatriz.art\/blog\/wp-json\/wp\/v2\/categories?post=203"},{"taxonomy":"post_tag","embeddable":true,"href":"https:\/\/luanabeatriz.art\/blog\/wp-json\/wp\/v2\/tags?post=203"}],"curies":[{"name":"wp","href":"https:\/\/api.w.org\/{rel}","templated":true}]}}