{"id":200,"date":"2010-07-12T14:07:00","date_gmt":"2010-07-12T17:07:00","guid":{"rendered":"https:\/\/luanabeatriz.art\/blog\/tudo-tem-a-primeira-vez\/"},"modified":"2025-07-28T20:47:02","modified_gmt":"2025-07-28T23:47:02","slug":"tudo-tem-a-primeira-vez","status":"publish","type":"post","link":"https:\/\/luanabeatriz.art\/blog\/tudo-tem-a-primeira-vez\/","title":{"rendered":"Tudo tem a primeira vez!"},"content":{"rendered":"<div style=\"clear: both; text-align: center;\"><a href=\"https:\/\/blogger.googleusercontent.com\/img\/b\/R29vZ2xl\/AVvXsEjLscH7mrnbAulVOT-EV8wprXZ04kYJaMHiN0woJ0UlHjyDV6Mk2LQY3hct0YoHNvocmk1C_ttyJGFEwrcGhh2D4BvA6qoSlzRHpIFayzuN6pINOJi-d0Zn6bO9TaCt8aX-MdQbpiLYDpM\/s1600\/sem+t%C3%ADtulo.jpg\" style=\"clear: left; float: left; margin-bottom: 1em; margin-right: 1em;\"><img decoding=\"async\" border=\"0\" height=\"138\" src=\"https:\/\/blogger.googleusercontent.com\/img\/b\/R29vZ2xl\/AVvXsEjLscH7mrnbAulVOT-EV8wprXZ04kYJaMHiN0woJ0UlHjyDV6Mk2LQY3hct0YoHNvocmk1C_ttyJGFEwrcGhh2D4BvA6qoSlzRHpIFayzuN6pINOJi-d0Zn6bO9TaCt8aX-MdQbpiLYDpM\/s200\/sem+t%C3%ADtulo.jpg\" width=\"200\" \/><\/a><\/div>\n<p>Com certeza todos n\u00f3s temos a nossa primeira vez. Quando chegamos ao mundo, quando falamos, quando come\u00e7amos a andar e a descobrir coisas novas da vida.&nbsp; Quando ficamos doente, come\u00e7amos a ir na escola, come\u00e7amos a trabalhar, a beber bebidas allcolicas, quando formamos, come\u00e7amos a amar, perdemos o namoro, lutamos por algo que queremos, nos casamos&#8230;<br \/>\nTudo isso se resulta a primeira vez! Ontem foi a primeira vez que a Espanha ganhou a copa do mundo. Fiquei t\u00e3o contente, realmente foi uma imensa vit\u00f3ria a base de festas e comemora\u00e7\u00f5es ao primeiro titulo da Espanha.&nbsp; Realmente a primeira vez de tudo \u00e9 sempre marcante n\u00e3o \u00e9? Um namoro por exemplo, o primeiro beijo jamais esquecemos, a primeira data tamb\u00e9m&#8230; E quando perdemos nosso primeiro amor, a dor \u00e9 tamanha&#8230; Que nem queremos mais amar&#8230; Ai surge um novo amor&#8230; E sempre marcamos a primeira data de conhecimento onde o amor surgiu&#8230; Em minha vida esse ano presenciei muitas &#8220;primeira vez&#8221;.<br \/>\n<a name='more'><\/a> Quando \u00e9 a primeira vez de algo ficamos t\u00e3o ansiosas, nervosas pois n\u00e3o sabemos o que acontecer\u00e1 quando entrarmos naquela porta&#8230; Mas quando passamos a primeira fase tudo entra na rotina&#8230; Na minha opni\u00e3o tudo podia ser a primeira vez. Seria t\u00e3o legal poder fazer coisas novas a cada dia. Apesar que sempre fazemos coisas novas a cada dia sem ao menos percerber&#8230;<br \/>\nO blog mundo da luha est\u00e1 pela primeira vez com um template com recursos mais inovadores&#8230; N\u00e3o sei se voc\u00eas perceberam. Embora ele tem ganhado mais duas parcerias, sendo uma do blog do Rafael Clodomiro chamado Nova Escrita que \u00e9 um espa\u00e7o reservado para o compartilhamento de informa\u00e7\u00f5es (sejam elas  sobre premia\u00e7\u00f5es, eventos, textos, etc) que giram em torno (ou no meio  mesmo) de assuntos <em><strong>culturais<\/strong><\/em>, principalmente<em><strong>  liter\u00e1rios, <\/strong><\/em>os quais ir\u00e3o repercutir nas areas politica, sociais e economicas&#8230; E o blog do J\u00falio Montalv\u00e3o (Kalano) chamado Kalano&#8217;s World \u00e9 o primeiro blog dele que se refere a assuntos pessoais. <br \/>\n<strong><em><\/em><em><\/em><\/strong><em><strong><\/strong><\/em><em><strong>Se voc\u00ea tamb\u00e9m quizer fazer parceria pela primeira vez comigo tbm acesse a nossa pol\u00edtica de parceria <a href=\"http:\/\/mundodaluha.blogspot.com\/p\/contatoparceria.html\">clicando aqui<\/a>. \ud83d\ude09<\/strong><\/em><br \/>\nAmanha far\u00e1 4 meses que eu e Edinho estamos caminhando juntos. Quatro meses de amor, alegria, compreens\u00e3o, uni\u00e3o&#8230; Espero que papai do c\u00e9u nos aben\u00e7\u00f5e e ilumine sempre nosso caminho. Livrando sempre de todo os espinhos&#8230;&nbsp; (PS: \u00e9 a primeira vez que estou morando 4 meses juntos no mesmo teto)<\/p>\n<p>E para todos que ainda n\u00e3o conseguiram seu objetivo ainda se liga nessa frase: &#8220;Paci\u00eancia! Tudo tem sua primeira vez. Se a sua n\u00e3o chegou um dia ela chegar\u00e1.&#8221;<br \/>\n<b><br \/>\n<\/b><\/p>\n<div style=\"text-align: center;\"><b>Primeira vez<\/b><\/div>\n<div style=\"text-align: center;\">\n<\/div>\n<div style=\"text-align: center;\">O tempo estava t\u00e3o bonito<\/div>\n<div style=\"text-align: center;\">Meu cora\u00e7\u00e3o palpitava agitado<\/div>\n<div style=\"text-align: center;\">Meu pensamento nao sabia agir<\/div>\n<div style=\"text-align: center;\">Esperava ansiosa o final do resultado<\/div>\n<div style=\"text-align: center;\">\n<\/div>\n<div style=\"text-align: center;\">Naquele instante voce apareceu<\/div>\n<div style=\"text-align: center;\">E eu pela primeira vez pude te ver<\/div>\n<div style=\"text-align: center;\">Meus olhos em todo canto percorreu<\/div>\n<div style=\"text-align: center;\">Vi na minha frente o que queria conhecer<\/div>\n<div style=\"text-align: center;\">\n<\/div>\n<div style=\"text-align: center;\">E l\u00e1 se foi passando o precioso tempo<\/div>\n<div style=\"text-align: center;\">A  primeira vez que conhecemos marcado ficou <\/div>\n<div style=\"text-align: center;\">Conversas e conhecimentos foi se aprofundando<\/div>\n<div style=\"text-align: center;\">Em nossas mentes e cora\u00e7\u00f5es o amor brotou!\n<\/div>\n<div style=\"text-align: center;\">\n<\/div>\n<div style=\"text-align: center;\">E assim foi nossa primeira vez<\/div>\n<div style=\"text-align: center;\">E l\u00e1 se foi passando o precioso tempo<\/div>\n<div style=\"text-align: center;\">O dia treze ultimamante ficou marcado<\/div>\n<div style=\"text-align: center;\">Em nossas mentes e cora\u00e7\u00f5es o amor brotou&#8230;<\/div>\n<div style=\"text-align: center;\">\n<\/div>\n<div style=\"text-align: center;\">O amor brotou&#8230;&nbsp;<\/div>\n<div style=\"text-align: center;\">Em nossas mentes e cora\u00e7\u00f5es&#8230;<\/div>\n<div style=\"text-align: center;\">Pela primeira vez em n\u00f3s dois!<\/div>\n<div style=\"text-align: center;\"><b><br \/>\n<\/b><\/div>\n<div style=\"text-align: center;\"><b>Por Luana Beatriz de Jesus (Luh@)<\/b><\/div>\n","protected":false},"excerpt":{"rendered":"<p>Com certeza todos n\u00f3s temos a nossa primeira vez. Quando chegamos ao mundo, quando falamos, quando come\u00e7amos a andar e a descobrir coisas novas da vida.&nbsp; Quando ficamos doente, come\u00e7amos a ir na escola, come\u00e7amos a trabalhar, a beber bebidas allcolicas, quando formamos, come\u00e7amos a amar, perdemos o namoro, lutamos por algo que queremos, nos casamos&#8230; Tudo isso se resulta a primeira vez! Ontem foi a primeira vez que a Espanha ganhou a copa do mundo. Fiquei t\u00e3o contente, realmente foi uma imensa vit\u00f3ria a base de festas e comemora\u00e7\u00f5es ao primeiro titulo da Espanha.&nbsp; Realmente a primeira vez de tudo \u00e9 sempre marcante n\u00e3o \u00e9? Um namoro por exemplo, o primeiro beijo jamais esquecemos, a primeira data tamb\u00e9m&#8230; E quando perdemos nosso primeiro amor, a dor \u00e9 tamanha&#8230; Que nem queremos mais amar&#8230; Ai surge um novo amor&#8230; E sempre marcamos a primeira data de conhecimento onde o amor surgiu&#8230; Em minha vida esse ano presenciei muitas &#8220;primeira vez&#8221;. Quando \u00e9 a primeira vez de algo ficamos t\u00e3o ansiosas, nervosas pois n\u00e3o sabemos o que acontecer\u00e1 quando entrarmos naquela porta&#8230; Mas quando passamos a primeira fase tudo entra na rotina&#8230; Na minha opni\u00e3o tudo podia ser a primeira vez. Seria t\u00e3o legal poder fazer coisas novas a cada dia. Apesar que sempre fazemos coisas novas a cada dia sem&#8230;<\/p>\n","protected":false},"author":2,"featured_media":772,"comment_status":"open","ping_status":"closed","sticky":false,"template":"","format":"standard","meta":{"ocean_post_layout":"","ocean_both_sidebars_style":"","ocean_both_sidebars_content_width":0,"ocean_both_sidebars_sidebars_width":0,"ocean_sidebar":"","ocean_second_sidebar":"","ocean_disable_margins":"enable","ocean_add_body_class":"","ocean_shortcode_before_top_bar":"","ocean_shortcode_after_top_bar":"","ocean_shortcode_before_header":"","ocean_shortcode_after_header":"","ocean_has_shortcode":"","ocean_shortcode_after_title":"","ocean_shortcode_before_footer_widgets":"","ocean_shortcode_after_footer_widgets":"","ocean_shortcode_before_footer_bottom":"","ocean_shortcode_after_footer_bottom":"","ocean_display_top_bar":"default","ocean_display_header":"default","ocean_header_style":"","ocean_center_header_left_menu":"","ocean_custom_header_template":"","ocean_custom_logo":0,"ocean_custom_retina_logo":0,"ocean_custom_logo_max_width":0,"ocean_custom_logo_tablet_max_width":0,"ocean_custom_logo_mobile_max_width":0,"ocean_custom_logo_max_height":0,"ocean_custom_logo_tablet_max_height":0,"ocean_custom_logo_mobile_max_height":0,"ocean_header_custom_menu":"","ocean_menu_typo_font_family":"","ocean_menu_typo_font_subset":"","ocean_menu_typo_font_size":0,"ocean_menu_typo_font_size_tablet":0,"ocean_menu_typo_font_size_mobile":0,"ocean_menu_typo_font_size_unit":"px","ocean_menu_typo_font_weight":"","ocean_menu_typo_font_weight_tablet":"","ocean_menu_typo_font_weight_mobile":"","ocean_menu_typo_transform":"","ocean_menu_typo_transform_tablet":"","ocean_menu_typo_transform_mobile":"","ocean_menu_typo_line_height":0,"ocean_menu_typo_line_height_tablet":0,"ocean_menu_typo_line_height_mobile":0,"ocean_menu_typo_line_height_unit":"","ocean_menu_typo_spacing":0,"ocean_menu_typo_spacing_tablet":0,"ocean_menu_typo_spacing_mobile":0,"ocean_menu_typo_spacing_unit":"","ocean_menu_link_color":"","ocean_menu_link_color_hover":"","ocean_menu_link_color_active":"","ocean_menu_link_background":"","ocean_menu_link_hover_background":"","ocean_menu_link_active_background":"","ocean_menu_social_links_bg":"","ocean_menu_social_hover_links_bg":"","ocean_menu_social_links_color":"","ocean_menu_social_hover_links_color":"","ocean_disable_title":"default","ocean_disable_heading":"default","ocean_post_title":"","ocean_post_subheading":"","ocean_post_title_style":"","ocean_post_title_background_color":"","ocean_post_title_background":0,"ocean_post_title_bg_image_position":"","ocean_post_title_bg_image_attachment":"","ocean_post_title_bg_image_repeat":"","ocean_post_title_bg_image_size":"","ocean_post_title_height":0,"ocean_post_title_bg_overlay":0.5,"ocean_post_title_bg_overlay_color":"","ocean_disable_breadcrumbs":"default","ocean_breadcrumbs_color":"","ocean_breadcrumbs_separator_color":"","ocean_breadcrumbs_links_color":"","ocean_breadcrumbs_links_hover_color":"","ocean_display_footer_widgets":"default","ocean_display_footer_bottom":"default","ocean_custom_footer_template":"","ocean_post_oembed":"","ocean_post_self_hosted_media":"","ocean_post_video_embed":"","ocean_link_format":"","ocean_link_format_target":"self","ocean_quote_format":"","ocean_quote_format_link":"post","ocean_gallery_link_images":"on","ocean_gallery_id":[],"footnotes":""},"categories":[38],"tags":[29],"class_list":["post-200","post","type-post","status-publish","format-standard","has-post-thumbnail","hentry","category-meu-diario","tag-meu-diario","entry","has-media"],"_links":{"self":[{"href":"https:\/\/luanabeatriz.art\/blog\/wp-json\/wp\/v2\/posts\/200","targetHints":{"allow":["GET"]}}],"collection":[{"href":"https:\/\/luanabeatriz.art\/blog\/wp-json\/wp\/v2\/posts"}],"about":[{"href":"https:\/\/luanabeatriz.art\/blog\/wp-json\/wp\/v2\/types\/post"}],"author":[{"embeddable":true,"href":"https:\/\/luanabeatriz.art\/blog\/wp-json\/wp\/v2\/users\/2"}],"replies":[{"embeddable":true,"href":"https:\/\/luanabeatriz.art\/blog\/wp-json\/wp\/v2\/comments?post=200"}],"version-history":[{"count":1,"href":"https:\/\/luanabeatriz.art\/blog\/wp-json\/wp\/v2\/posts\/200\/revisions"}],"predecessor-version":[{"id":771,"href":"https:\/\/luanabeatriz.art\/blog\/wp-json\/wp\/v2\/posts\/200\/revisions\/771"}],"wp:featuredmedia":[{"embeddable":true,"href":"https:\/\/luanabeatriz.art\/blog\/wp-json\/wp\/v2\/media\/772"}],"wp:attachment":[{"href":"https:\/\/luanabeatriz.art\/blog\/wp-json\/wp\/v2\/media?parent=200"}],"wp:term":[{"taxonomy":"category","embeddable":true,"href":"https:\/\/luanabeatriz.art\/blog\/wp-json\/wp\/v2\/categories?post=200"},{"taxonomy":"post_tag","embeddable":true,"href":"https:\/\/luanabeatriz.art\/blog\/wp-json\/wp\/v2\/tags?post=200"}],"curies":[{"name":"wp","href":"https:\/\/api.w.org\/{rel}","templated":true}]}}