{"id":183,"date":"2010-12-23T07:24:00","date_gmt":"2010-12-23T09:24:00","guid":{"rendered":"https:\/\/luanabeatriz.art\/blog\/e-dificil-expressar-certas-coisas\/"},"modified":"2025-07-28T18:19:23","modified_gmt":"2025-07-28T21:19:23","slug":"e-dificil-expressar-certas-coisas","status":"publish","type":"post","link":"https:\/\/luanabeatriz.art\/blog\/e-dificil-expressar-certas-coisas\/","title":{"rendered":"\u00c9 dificil expressar certas coisas&#8230;"},"content":{"rendered":"<div style=\"clear: both; text-align: center;\"><a href=\"https:\/\/blogger.googleusercontent.com\/img\/b\/R29vZ2xl\/AVvXsEhyhdZiJqjJZXhOLdbcveYaKhTDziwJvXkaDq6J8Cu0YHzJjGP6I8tMgzpBPb4gqlHdBmqgartFgEcNpI3dA0p3TW2hIH7Up6T-BpeSIpjVnD5rhVf0bK4w5Yd54gzk_bLRxgqvwDcPr5w\/s1600\/luz_tunel.jpg\" style=\"clear: left; float: left; margin-bottom: 1em; margin-right: 1em;\"><img decoding=\"async\" border=\"0\" height=\"115\" src=\"https:\/\/blogger.googleusercontent.com\/img\/b\/R29vZ2xl\/AVvXsEhyhdZiJqjJZXhOLdbcveYaKhTDziwJvXkaDq6J8Cu0YHzJjGP6I8tMgzpBPb4gqlHdBmqgartFgEcNpI3dA0p3TW2hIH7Up6T-BpeSIpjVnD5rhVf0bK4w5Yd54gzk_bLRxgqvwDcPr5w\/s200\/luz_tunel.jpg\" width=\"200\" \/><\/a><\/div>\n<p>\u2022 Sabe quando encontramos uma grande luz depois de tanto caminhar sozinha&#8230; E essa luz realmente \u00e9 a que sempre buscamos em todas nossas vidas&#8230; Nem sempre a luz fica acesa&#8230; As vezes ela apaga e algo ruim acaba acontecendo. Sabe \u00e1s vezes s\u00f3 eu pensar eu j\u00e1 fico sem palavras, n\u00e3o sei descrever tudo aqui o que se passa na minha mente, por\u00e9m, <br \/>\n2010 foi realmente um ano m\u00e1gico apesar de eu ter perdido duas pessoas na fam\u00edlia (tio e primo)&#8230; Essas duas perdas tem me deixado com medo, medo de perder mais alguem&#8230;. Eu apendi que o que n\u00e3o queremos para n\u00f3s, n\u00f3s simplemente nao pensamos&#8230; Isso me faz controlar um pouco meus pensamentos negativos&#8230; \u00c9 t\u00e3o ruim perder entes queridos&#8230; Eu pe\u00e7o a Deus que n\u00e3o deixe mais entrar pedras nem espinhos no meu caminho. Sempre pe\u00e7o! \u00c9 dificil tamb\u00e9m explicar o funcionamento da minha psique, eu tenho traumas que nem eu mesma sei descreve-los aqui&#8230; <br \/>\n<a name='more'><\/a>N\u00e3o \u00e9 um trauma comum&#8230; Mas algo que gera pensamentos negativos em minha psique&#8230; Uma coisa que estou melhorando de ano em ano pois h\u00e1 pessoas que est\u00e3o me ajudando muito nisso. E al\u00e9m dessas pessoas mais uma luz na minha vida, eu estou gr\u00e1vida de uma menininha, uma linda garotinha que se chamar\u00e1 Ana Lara &#8230; Nisso estou me esfor\u00e7ando cada vez mais, quero ser uma boa m\u00e3e. Uma m\u00e3e exemplar, amiga e companheira em todas as horas. E pe\u00e7o a papai do c\u00e9u que essa pequena criaturinha venha com muita sa\u00fade pra esse mundo que o espera e que fa\u00e7a a diferen\u00e7a dentro do seu destino nesse mundo.&nbsp;<br \/>\nSei l\u00e1 mas \u00e1s vezes eu fico t\u00e3o decepcionada com esse mundo, com certas pessoas&#8230; Ah! O mundo hoje est\u00e1 t\u00e3o esquisito, os jovens de hoje em dia se vestem t\u00e3o estranho e fazem coisas t\u00e3o estranhas, as pessoas parece que almentaram o preconceito, a violencia o desrrespeito&#8230; Em lojas n\u00e3o se vende mais confortabilidade para as mulheres, onde \u00e9 que foi parara aquelas sand\u00e1lias baixinhas super confortaveis sem salto? Onde foram parar aquelas cal\u00e7as bailarinas ou aquelas cal\u00e7as de malhas soltinhas e confort\u00e1vel?<br \/>\nO povo hoje em dia na minha opni\u00e3o s\u00f3 pensa em BONITEZ n\u00e3o olha mais a qualidade interior&#8230; Se um FEIOSO nascer hoje em dia&#8230; coitado ele nao ganha nada por ter um maravilhoso cora\u00e7\u00e3o&#8230; Pq eu acho que nesse mundo n\u00e3o est\u00e1 vendo mais cora\u00e7\u00e3o de ningu\u00e9m, embora tenha gente que ainda consegue fazer isso por\u00e9m est\u00e3o raros e em extin\u00e7\u00e3o. \u00c1s vezes me d\u00e1 medo de criar a Ana Lara nesse mundo que estamos vivendo hoje&#8230; \u00c9 tantos medos, tantas coisas&#8230; Mas tenho que deixar tudo de lado, pensar positivo pois amanha \u00e9 vespera de natal. Natal realmente \u00e9 algo maravilhoso. Eu adoro natal!!! Principalmente aquelas luizinhas brilhando em todos lugares&#8230; Ah como \u00e9 bonito! Esse natal eu ganhei tantas coisas, mas tanta&#8230; Que \u00e9 dificil falar tudo que eu ganhei. S\u00f3 tenho o que agradecer e agradecer muito por tantas coisas&#8230; Coisas inesplic\u00e1veis&#8230;<\/p>\n<p>Ent\u00e3o pessoal Feliz Natal vamos cantar?<br \/>\n<b><br \/>\n<\/b><\/p>\n<div style=\"text-align: center;\"><b>Ent\u00e3o \u00e9 Natal<\/b><\/div>\n<div style=\"text-align: center;\">\n<\/div>\n<div style=\"text-align: center;\"><\/div>\n<div tabindex=\"-1\">\n<div style=\"text-align: center;\">Ent\u00e3o \u00e9 Natal, e o que voc\u00ea fez?<br \/>\nO ano termina, e nasce outra vez.<br \/>\nEnt\u00e3o \u00e9 Natal, a festa Crist\u00e3.<br \/>\nDo velho e do novo, do amor como um todo.<br \/>\nEnt\u00e3o bom Natal, e um ano novo tamb\u00e9m.<br \/>\nQue seja feliz quem, souber o que \u00e9 o bem.<\/div>\n<div> <\/div>\n<div style=\"text-align: center;\">Ent\u00e3o \u00e9 Natal, pro enfermo e pro s\u00e3o.<br \/>\nPro rico e pro pobre, num s\u00f3 cora\u00e7\u00e3o.<br \/>\nEnt\u00e3o bom Natal, pro branco e pro negro.<br \/>\nAmarelo e vermelho, pra paz afinal.<br \/>\nEnt\u00e3o bom Natal, e um ano novo tamb\u00e9m.<br \/>\nQue seja feliz quem, souber o que \u00e9 o bem.<\/div>\n<div style=\"text-align: center;\"> <\/div>\n<div style=\"text-align: center;\">Ent\u00e3o \u00e9 Natal, o que a gente fez?<br \/>\nO ano termina, e come\u00e7a outra vez.<br \/>\nE Ent\u00e3o \u00e9 Natal, a festa Crist\u00e3.<br \/>\nDo velho e do novo, o amor como um todo.<br \/>\nEnt\u00e3o bom Natal, e um ano novo tamb\u00e9m.<br \/>\nQue seja feliz quem, souber o que \u00e9 o bem.<\/div>\n<div style=\"text-align: center;\"> <\/div>\n<div style=\"text-align: center;\">Harehama, H\u00e1 quem ama.<br \/>\nHarehama, ha&#8230;<br \/>\nEnt\u00e3o \u00e9 Natal, e o que voc\u00ea fez?<br \/>\nO ano termina, e nasce outra vez.<br \/>\nHiroshima, Nagasaki, Mururoa&#8230;<\/div>\n<p>\n<\/div>\n","protected":false},"excerpt":{"rendered":"<p>\u2022 Sabe quando encontramos uma grande luz depois de tanto caminhar sozinha&#8230; E essa luz realmente \u00e9 a que sempre buscamos em todas nossas vidas&#8230; Nem sempre a luz fica acesa&#8230; As vezes ela apaga e algo ruim acaba acontecendo. Sabe \u00e1s vezes s\u00f3 eu pensar eu j\u00e1 fico sem palavras, n\u00e3o sei descrever tudo aqui o que se passa na minha mente, por\u00e9m, 2010 foi realmente um ano m\u00e1gico apesar de eu ter perdido duas pessoas na fam\u00edlia (tio e primo)&#8230; Essas duas perdas tem me deixado com medo, medo de perder mais alguem&#8230;. Eu apendi que o que n\u00e3o queremos para n\u00f3s, n\u00f3s simplemente nao pensamos&#8230; Isso me faz controlar um pouco meus pensamentos negativos&#8230; \u00c9 t\u00e3o ruim perder entes queridos&#8230; Eu pe\u00e7o a Deus que n\u00e3o deixe mais entrar pedras nem espinhos no meu caminho. Sempre pe\u00e7o! \u00c9 dificil tamb\u00e9m explicar o funcionamento da minha psique, eu tenho traumas que nem eu mesma sei descreve-los aqui&#8230; N\u00e3o \u00e9 um trauma comum&#8230; Mas algo que gera pensamentos negativos em minha psique&#8230; Uma coisa que estou melhorando de ano em ano pois h\u00e1 pessoas que est\u00e3o me ajudando muito nisso. E al\u00e9m dessas pessoas mais uma luz na minha vida, eu estou gr\u00e1vida de uma menininha, uma linda garotinha que se chamar\u00e1 Ana Lara &#8230; Nisso estou me esfor\u00e7ando&#8230;<\/p>\n","protected":false},"author":2,"featured_media":708,"comment_status":"open","ping_status":"closed","sticky":false,"template":"","format":"standard","meta":{"ocean_post_layout":"","ocean_both_sidebars_style":"","ocean_both_sidebars_content_width":0,"ocean_both_sidebars_sidebars_width":0,"ocean_sidebar":"","ocean_second_sidebar":"","ocean_disable_margins":"enable","ocean_add_body_class":"","ocean_shortcode_before_top_bar":"","ocean_shortcode_after_top_bar":"","ocean_shortcode_before_header":"","ocean_shortcode_after_header":"","ocean_has_shortcode":"","ocean_shortcode_after_title":"","ocean_shortcode_before_footer_widgets":"","ocean_shortcode_after_footer_widgets":"","ocean_shortcode_before_footer_bottom":"","ocean_shortcode_after_footer_bottom":"","ocean_display_top_bar":"default","ocean_display_header":"default","ocean_header_style":"","ocean_center_header_left_menu":"","ocean_custom_header_template":"","ocean_custom_logo":0,"ocean_custom_retina_logo":0,"ocean_custom_logo_max_width":0,"ocean_custom_logo_tablet_max_width":0,"ocean_custom_logo_mobile_max_width":0,"ocean_custom_logo_max_height":0,"ocean_custom_logo_tablet_max_height":0,"ocean_custom_logo_mobile_max_height":0,"ocean_header_custom_menu":"","ocean_menu_typo_font_family":"","ocean_menu_typo_font_subset":"","ocean_menu_typo_font_size":0,"ocean_menu_typo_font_size_tablet":0,"ocean_menu_typo_font_size_mobile":0,"ocean_menu_typo_font_size_unit":"px","ocean_menu_typo_font_weight":"","ocean_menu_typo_font_weight_tablet":"","ocean_menu_typo_font_weight_mobile":"","ocean_menu_typo_transform":"","ocean_menu_typo_transform_tablet":"","ocean_menu_typo_transform_mobile":"","ocean_menu_typo_line_height":0,"ocean_menu_typo_line_height_tablet":0,"ocean_menu_typo_line_height_mobile":0,"ocean_menu_typo_line_height_unit":"","ocean_menu_typo_spacing":0,"ocean_menu_typo_spacing_tablet":0,"ocean_menu_typo_spacing_mobile":0,"ocean_menu_typo_spacing_unit":"","ocean_menu_link_color":"","ocean_menu_link_color_hover":"","ocean_menu_link_color_active":"","ocean_menu_link_background":"","ocean_menu_link_hover_background":"","ocean_menu_link_active_background":"","ocean_menu_social_links_bg":"","ocean_menu_social_hover_links_bg":"","ocean_menu_social_links_color":"","ocean_menu_social_hover_links_color":"","ocean_disable_title":"default","ocean_disable_heading":"default","ocean_post_title":"","ocean_post_subheading":"","ocean_post_title_style":"","ocean_post_title_background_color":"","ocean_post_title_background":0,"ocean_post_title_bg_image_position":"","ocean_post_title_bg_image_attachment":"","ocean_post_title_bg_image_repeat":"","ocean_post_title_bg_image_size":"","ocean_post_title_height":0,"ocean_post_title_bg_overlay":0.5,"ocean_post_title_bg_overlay_color":"","ocean_disable_breadcrumbs":"default","ocean_breadcrumbs_color":"","ocean_breadcrumbs_separator_color":"","ocean_breadcrumbs_links_color":"","ocean_breadcrumbs_links_hover_color":"","ocean_display_footer_widgets":"default","ocean_display_footer_bottom":"default","ocean_custom_footer_template":"","ocean_post_oembed":"","ocean_post_self_hosted_media":"","ocean_post_video_embed":"","ocean_link_format":"","ocean_link_format_target":"self","ocean_quote_format":"","ocean_quote_format_link":"post","ocean_gallery_link_images":"on","ocean_gallery_id":[],"footnotes":""},"categories":[38],"tags":[29],"class_list":["post-183","post","type-post","status-publish","format-standard","has-post-thumbnail","hentry","category-meu-diario","tag-meu-diario","entry","has-media"],"_links":{"self":[{"href":"https:\/\/luanabeatriz.art\/blog\/wp-json\/wp\/v2\/posts\/183","targetHints":{"allow":["GET"]}}],"collection":[{"href":"https:\/\/luanabeatriz.art\/blog\/wp-json\/wp\/v2\/posts"}],"about":[{"href":"https:\/\/luanabeatriz.art\/blog\/wp-json\/wp\/v2\/types\/post"}],"author":[{"embeddable":true,"href":"https:\/\/luanabeatriz.art\/blog\/wp-json\/wp\/v2\/users\/2"}],"replies":[{"embeddable":true,"href":"https:\/\/luanabeatriz.art\/blog\/wp-json\/wp\/v2\/comments?post=183"}],"version-history":[{"count":1,"href":"https:\/\/luanabeatriz.art\/blog\/wp-json\/wp\/v2\/posts\/183\/revisions"}],"predecessor-version":[{"id":707,"href":"https:\/\/luanabeatriz.art\/blog\/wp-json\/wp\/v2\/posts\/183\/revisions\/707"}],"wp:featuredmedia":[{"embeddable":true,"href":"https:\/\/luanabeatriz.art\/blog\/wp-json\/wp\/v2\/media\/708"}],"wp:attachment":[{"href":"https:\/\/luanabeatriz.art\/blog\/wp-json\/wp\/v2\/media?parent=183"}],"wp:term":[{"taxonomy":"category","embeddable":true,"href":"https:\/\/luanabeatriz.art\/blog\/wp-json\/wp\/v2\/categories?post=183"},{"taxonomy":"post_tag","embeddable":true,"href":"https:\/\/luanabeatriz.art\/blog\/wp-json\/wp\/v2\/tags?post=183"}],"curies":[{"name":"wp","href":"https:\/\/api.w.org\/{rel}","templated":true}]}}