{"id":113,"date":"2012-12-20T09:43:00","date_gmt":"2012-12-20T11:43:00","guid":{"rendered":"https:\/\/luanabeatriz.art\/blog\/200-o-aniversario-da-primeira-obra-dos-grimms\/"},"modified":"2025-07-27T19:39:46","modified_gmt":"2025-07-27T22:39:46","slug":"200-o-aniversario-da-primeira-obra-dos-grimms","status":"publish","type":"post","link":"https:\/\/luanabeatriz.art\/blog\/200-o-aniversario-da-primeira-obra-dos-grimms\/","title":{"rendered":"200.\u00ba anivers\u00e1rio da primeira obra dos Grimms"},"content":{"rendered":"<div style=\"clear: both; text-align: center;\">\n<a href=\"https:\/\/blogger.googleusercontent.com\/img\/b\/R29vZ2xl\/AVvXsEiUe5FqguPUlkCx1j716u6rhHnrvOBRTy2j1uX3lccUn-tfMLA7Mzp9Zccrp19BFky4fVKTLp9d9XW8K_PBayq86RQh3U_Vk5ZI1vUuiGox2NVePharXZODXiEtzfX7gm8J72ynvonX-uc\/s1600\/doodlegrimms.png\" style=\"clear: left; float: left; margin-bottom: 1em; margin-right: 1em;\"><img decoding=\"async\" border=\"0\" height=\"93\" src=\"https:\/\/blogger.googleusercontent.com\/img\/b\/R29vZ2xl\/AVvXsEiUe5FqguPUlkCx1j716u6rhHnrvOBRTy2j1uX3lccUn-tfMLA7Mzp9Zccrp19BFky4fVKTLp9d9XW8K_PBayq86RQh3U_Vk5ZI1vUuiGox2NVePharXZODXiEtzfX7gm8J72ynvonX-uc\/s320\/doodlegrimms.png\" width=\"320\" \/><\/a><\/div>\n<p>Os Contos de Grimm come\u00e7aram a ser publicados em 1812, por parte dos irm\u00e3os Jacob e Wilhelm Grimm, que estavam longe de imaginar, naquele ano, a dimens\u00e3o que aqueles contos de fadas granjeariam, ao longo dos anos. (embora eles tenham editados a maioria dos contos de Charles Perralt, fazendo com que tenha um final bastante feliz e agrad\u00e1vel.)A colet\u00e2nia de hist\u00f3rias, trabalho hoje recordado com um google doodle, viria a tornar-se parte do imagin\u00e1rio de milh\u00f5es de crian\u00e7as, conquistadas por \u2018Rapunzel\u2019, \u2018Cinderela\u2019, \u2018O Capuchinho Vermelho\u2019, \u2018A Bela Adormecida\u2019 ou \u2018Branca de Neve e os Sete An\u00f5es\u2019 fazem parte da cole\u00e7\u00e3o de grandes contos dos irm\u00e3os Grimm, que totalizaram mais de 200, sendo que hoje se comemoram 200 anos desde a publica\u00e7\u00e3o do primeiro conto.<br \/>\n<br \/>\n<a name='more'><\/a>Os irm\u00e3os Grimm (Jacob, que nasceu a 4 de janeiro de 1785 e morreu a 20 de setembro de 1863) e Wilhelm (nascido a 24 de fevereiro de 1786 e que morre a 16 de dezembro de 1859) foram dois escritores alem\u00e3es que se dedicaram aos contos infantis, gra\u00e7as aos quais ganharam notoriedade.<br \/>\nAl\u00e9m dos Contos de Grimm, prestaram um enorme contributo \u00e0 l\u00edngua alem\u00e3, gra\u00e7as a \u2018O Grande Dicion\u00e1rio Alem\u00e3o\u2019 [Deutsches W\u00f6rterbuch], que criaram, e a diversos estudos de lingu\u00edstica que tamb\u00e9m rubricaram.<br \/>\nUma das primeiras obras em comum que os irm\u00e3os Grimm publicaram, em dezembro de 1812, d\u00e1 in\u00edcio \u00e0 colet\u00e2nea dos Contos de Grimm. No ano de 1815, os irm\u00e3os Grimm lan\u00e7am o segundo volume dos contos, que conquista grande sucesso e acaba reeditado em 1819, em virtude da popularidade.<br \/>\nEm 1822, s\u00e3o publicadas notas sobre contos dos dois volumes, antes de uma nova publica\u00e7\u00e3o, que reunia num \u00fanico volume diversos contos dos irm\u00e3os Grimm. Este facto concede o reconhecimento dos Contos de Grimm, que adquiriram popularidade em diversos pa\u00edses e que permanecem eternizados na hist\u00f3ria dos contos infantis.<br \/>\nHoje, a Google faz uma homenagem aos Contos de Grimm, com um doodle animado, que permite revisitar uma das mais emblem\u00e1ticas obras de Jacob e Wilhelm Grimm: &#8216;O Capuchinho Vermelho&#8217;. Provavelmente, o leitor chegou at\u00e9 n\u00f3s depois de revisitar esse conto e de lembrar uma hist\u00f3ria que o tempo n\u00e3o apaga.<\/p>\n<p>No Blog Mundo da Luha voc\u00ea poder\u00e1 apreciar alguns contos de GRIMMS segue a lista abaixo:<\/p>\n<p><a href=\"http:\/\/mundodaluha.blogspot.com.br\/2011\/05\/cinderela-irmaos-grimm.html\" target=\"_blank\">Cinderela Original<\/a><br \/>\n<a href=\"http:\/\/mundodaluha.blogspot.com.br\/2008\/01\/bela-adormecida.html\" target=\"_blank\">A bela adormecida&nbsp;<\/a><br \/>\n<a href=\"http:\/\/mundodaluha.blogspot.com.br\/2008\/01\/rapunzel.html\" target=\"_blank\">Rapunzel<\/a><br \/>\n<a href=\"http:\/\/mundodaluha.blogspot.com.br\/2012\/12\/branca-de-neve-e-os-sete-anoes-original.html\" target=\"_blank\">Branca de Neve<\/a><\/p>\n","protected":false},"excerpt":{"rendered":"<p>Os Contos de Grimm come\u00e7aram a ser publicados em 1812, por parte dos irm\u00e3os Jacob e Wilhelm Grimm, que estavam longe de imaginar, naquele ano, a dimens\u00e3o que aqueles contos de fadas granjeariam, ao longo dos anos. (embora eles tenham editados a maioria dos contos de Charles Perralt, fazendo com que tenha um final bastante feliz e agrad\u00e1vel.)A colet\u00e2nia de hist\u00f3rias, trabalho hoje recordado com um google doodle, viria a tornar-se parte do imagin\u00e1rio de milh\u00f5es de crian\u00e7as, conquistadas por \u2018Rapunzel\u2019, \u2018Cinderela\u2019, \u2018O Capuchinho Vermelho\u2019, \u2018A Bela Adormecida\u2019 ou \u2018Branca de Neve e os Sete An\u00f5es\u2019 fazem parte da cole\u00e7\u00e3o de grandes contos dos irm\u00e3os Grimm, que totalizaram mais de 200, sendo que hoje se comemoram 200 anos desde a publica\u00e7\u00e3o do primeiro conto. Os irm\u00e3os Grimm (Jacob, que nasceu a 4 de janeiro de 1785 e morreu a 20 de setembro de 1863) e Wilhelm (nascido a 24 de fevereiro de 1786 e que morre a 16 de dezembro de 1859) foram dois escritores alem\u00e3es que se dedicaram aos contos infantis, gra\u00e7as aos quais ganharam notoriedade. Al\u00e9m dos Contos de Grimm, prestaram um enorme contributo \u00e0 l\u00edngua alem\u00e3, gra\u00e7as a \u2018O Grande Dicion\u00e1rio Alem\u00e3o\u2019 [Deutsches W\u00f6rterbuch], que criaram, e a diversos estudos de lingu\u00edstica que tamb\u00e9m rubricaram. Uma das primeiras obras em comum que os irm\u00e3os Grimm publicaram, em&#8230;<\/p>\n","protected":false},"author":2,"featured_media":448,"comment_status":"open","ping_status":"closed","sticky":false,"template":"","format":"standard","meta":{"ocean_post_layout":"","ocean_both_sidebars_style":"","ocean_both_sidebars_content_width":0,"ocean_both_sidebars_sidebars_width":0,"ocean_sidebar":"","ocean_second_sidebar":"","ocean_disable_margins":"enable","ocean_add_body_class":"","ocean_shortcode_before_top_bar":"","ocean_shortcode_after_top_bar":"","ocean_shortcode_before_header":"","ocean_shortcode_after_header":"","ocean_has_shortcode":"","ocean_shortcode_after_title":"","ocean_shortcode_before_footer_widgets":"","ocean_shortcode_after_footer_widgets":"","ocean_shortcode_before_footer_bottom":"","ocean_shortcode_after_footer_bottom":"","ocean_display_top_bar":"default","ocean_display_header":"default","ocean_header_style":"","ocean_center_header_left_menu":"","ocean_custom_header_template":"","ocean_custom_logo":0,"ocean_custom_retina_logo":0,"ocean_custom_logo_max_width":0,"ocean_custom_logo_tablet_max_width":0,"ocean_custom_logo_mobile_max_width":0,"ocean_custom_logo_max_height":0,"ocean_custom_logo_tablet_max_height":0,"ocean_custom_logo_mobile_max_height":0,"ocean_header_custom_menu":"","ocean_menu_typo_font_family":"","ocean_menu_typo_font_subset":"","ocean_menu_typo_font_size":0,"ocean_menu_typo_font_size_tablet":0,"ocean_menu_typo_font_size_mobile":0,"ocean_menu_typo_font_size_unit":"px","ocean_menu_typo_font_weight":"","ocean_menu_typo_font_weight_tablet":"","ocean_menu_typo_font_weight_mobile":"","ocean_menu_typo_transform":"","ocean_menu_typo_transform_tablet":"","ocean_menu_typo_transform_mobile":"","ocean_menu_typo_line_height":0,"ocean_menu_typo_line_height_tablet":0,"ocean_menu_typo_line_height_mobile":0,"ocean_menu_typo_line_height_unit":"","ocean_menu_typo_spacing":0,"ocean_menu_typo_spacing_tablet":0,"ocean_menu_typo_spacing_mobile":0,"ocean_menu_typo_spacing_unit":"","ocean_menu_link_color":"","ocean_menu_link_color_hover":"","ocean_menu_link_color_active":"","ocean_menu_link_background":"","ocean_menu_link_hover_background":"","ocean_menu_link_active_background":"","ocean_menu_social_links_bg":"","ocean_menu_social_hover_links_bg":"","ocean_menu_social_links_color":"","ocean_menu_social_hover_links_color":"","ocean_disable_title":"default","ocean_disable_heading":"default","ocean_post_title":"","ocean_post_subheading":"","ocean_post_title_style":"","ocean_post_title_background_color":"","ocean_post_title_background":0,"ocean_post_title_bg_image_position":"","ocean_post_title_bg_image_attachment":"","ocean_post_title_bg_image_repeat":"","ocean_post_title_bg_image_size":"","ocean_post_title_height":0,"ocean_post_title_bg_overlay":0.5,"ocean_post_title_bg_overlay_color":"","ocean_disable_breadcrumbs":"default","ocean_breadcrumbs_color":"","ocean_breadcrumbs_separator_color":"","ocean_breadcrumbs_links_color":"","ocean_breadcrumbs_links_hover_color":"","ocean_display_footer_widgets":"default","ocean_display_footer_bottom":"default","ocean_custom_footer_template":"","ocean_post_oembed":"","ocean_post_self_hosted_media":"","ocean_post_video_embed":"","ocean_link_format":"","ocean_link_format_target":"self","ocean_quote_format":"","ocean_quote_format_link":"post","ocean_gallery_link_images":"on","ocean_gallery_id":[],"footnotes":""},"categories":[35,36],"tags":[31],"class_list":["post-113","post","type-post","status-publish","format-standard","has-post-thumbnail","hentry","category-curiosidades","category-novidades","tag-novidades-curiosidades","entry","has-media"],"_links":{"self":[{"href":"https:\/\/luanabeatriz.art\/blog\/wp-json\/wp\/v2\/posts\/113","targetHints":{"allow":["GET"]}}],"collection":[{"href":"https:\/\/luanabeatriz.art\/blog\/wp-json\/wp\/v2\/posts"}],"about":[{"href":"https:\/\/luanabeatriz.art\/blog\/wp-json\/wp\/v2\/types\/post"}],"author":[{"embeddable":true,"href":"https:\/\/luanabeatriz.art\/blog\/wp-json\/wp\/v2\/users\/2"}],"replies":[{"embeddable":true,"href":"https:\/\/luanabeatriz.art\/blog\/wp-json\/wp\/v2\/comments?post=113"}],"version-history":[{"count":1,"href":"https:\/\/luanabeatriz.art\/blog\/wp-json\/wp\/v2\/posts\/113\/revisions"}],"predecessor-version":[{"id":447,"href":"https:\/\/luanabeatriz.art\/blog\/wp-json\/wp\/v2\/posts\/113\/revisions\/447"}],"wp:featuredmedia":[{"embeddable":true,"href":"https:\/\/luanabeatriz.art\/blog\/wp-json\/wp\/v2\/media\/448"}],"wp:attachment":[{"href":"https:\/\/luanabeatriz.art\/blog\/wp-json\/wp\/v2\/media?parent=113"}],"wp:term":[{"taxonomy":"category","embeddable":true,"href":"https:\/\/luanabeatriz.art\/blog\/wp-json\/wp\/v2\/categories?post=113"},{"taxonomy":"post_tag","embeddable":true,"href":"https:\/\/luanabeatriz.art\/blog\/wp-json\/wp\/v2\/tags?post=113"}],"curies":[{"name":"wp","href":"https:\/\/api.w.org\/{rel}","templated":true}]}}